{"id":655,"date":"2024-02-05T09:00:00","date_gmt":"2024-02-05T06:00:00","guid":{"rendered":"https:\/\/emeyz.com\/?p=655"},"modified":"2024-01-30T16:19:17","modified_gmt":"2024-01-30T13:19:17","slug":"tum-burclar-tarihleri-ve-ozellikleri","status":"publish","type":"post","link":"https:\/\/tr.emeyz.com\/tum-burclar-tarihleri-ve-ozellikleri\/","title":{"rendered":"T\u00fcm Bur\u00e7lar, Tarihleri ve \u00d6zellikleri"},"content":{"rendered":"\n<p>Astroloji, insanlar\u0131n ki\u015filiklerini ve ya\u015famlar\u0131n\u0131 etkileyen gezegenlerin, y\u0131ld\u0131zlar\u0131n ve di\u011fer g\u00f6ksel cisimlerin hareketlerini inceleyen bir bilim dal\u0131d\u0131r. Bu bilim dal\u0131nda en \u00e7ok bilinen konulardan biri de bur\u00e7lard\u0131r. Bu yaz\u0131m\u0131zda, 12 burcun tarihlerini ve \u00f6zelliklerini ayr\u0131nt\u0131l\u0131 bir \u015fekilde inceleyece\u011fiz.<\/p>\n\n\n\n<h2 class=\"wp-block-heading\">1. Ko\u00e7 Burcu: Ate\u015fin Piri (21 Mart &#8211; 20 Nisan)<\/h2>\n\n\n\n<p>Ate\u015f elementinin \u00f6nc\u00fcs\u00fc olan <strong>Ko\u00e7 burcu<\/strong>, 21 Mart ve 20 Nisan tarihleri aras\u0131nda do\u011fanlar\u0131 kapsar. \u0130lk bur\u00e7 olarak kabul edilen Ko\u00e7, cesur ve giri\u015fimci yap\u0131s\u0131yla bilinir. Y\u00f6netici gezegeni Mars olan Ko\u00e7 bur\u00e7lar\u0131, ya\u015famlar\u0131nda heyecan\u0131 ve tutkuyu \u00f6n planda tutarlar.<\/p>\n\n\n\n<h3 class=\"wp-block-heading\">1.1 Ko\u00e7 Burcunun \u00d6zellikleri<\/h3>\n\n\n\n<p>Ko\u00e7 bur\u00e7lar\u0131, cesur, enerjik ve sava\u015f\u00e7\u0131 karakterleri ile tan\u0131n\u0131rlar. Liderlik etmeyi seven bu bur\u00e7, hedeflerine ula\u015fmak i\u00e7in her t\u00fcrl\u00fc engeli a\u015fabilme yetene\u011fine sahiptir. Ancak bu burcun sab\u0131rs\u0131zl\u0131\u011f\u0131 ve d\u00fc\u015f\u00fcncesiz hareketleri bazen hatalara yol a\u00e7abilir.<\/p>\n\n\n\n<h2 class=\"wp-block-heading\">2. Bo\u011fa Burcu: Topra\u011f\u0131n Bereketi (21 Nisan &#8211; 20 May\u0131s)<\/h2>\n\n\n\n<p>Toprak grubuna ait olan <strong>Bo\u011fa burcu<\/strong>, 21 Nisan ve 20 May\u0131s tarihleri aras\u0131nda do\u011fanlar\u0131 temsil eder. Bu burcun y\u00f6netici gezegeni Ven\u00fcs&#8217;t\u00fcr. Ven\u00fcs&#8217;\u00fcn etkisiyle Bo\u011fa bur\u00e7lar\u0131, maddi de\u011ferlere \u00f6nem verir ve gereksinimlerini kar\u015f\u0131lamak i\u00e7in s\u00fcrekli \u00e7al\u0131\u015f\u0131rlar.<\/p>\n\n\n\n<h3 class=\"wp-block-heading\">2.1 Bo\u011fa Burcunun \u00d6zellikleri<\/h3>\n\n\n\n<p>Bo\u011fa bur\u00e7lar\u0131, sab\u0131rl\u0131, g\u00fcvenilir ve pratik d\u00fc\u015f\u00fcnme yetene\u011fiyle bilinirler. Sanata ve g\u00fczelli\u011fe olan ilgileri ile tan\u0131n\u0131rlar. Ancak inat\u00e7\u0131l\u0131klar\u0131 ve diren\u00e7li yap\u0131lar\u0131 bazen \u00e7evreleri taraf\u0131ndan olumsuz bir \u015fekilde de\u011ferlendirilebilir.<\/p>\n\n\n\n<h2 class=\"wp-block-heading\">3. \u0130kizler Burcu: Havan\u0131n Esintisi (21 May\u0131s &#8211; 21 Haziran)<\/h2>\n\n\n\n<p>Hava elementinin temsilcisi olan <strong>\u0130kizler burcu<\/strong>, 21 May\u0131s ve 21 Haziran tarihleri aras\u0131nda do\u011fanlar\u0131 kapsar. \u0130kizler bur\u00e7lar\u0131, zekili\u011fi ve h\u0131zl\u0131 d\u00fc\u015f\u00fcnme yetene\u011fi ile tan\u0131n\u0131rlar. Bu burcun y\u00f6netici gezegeni Merk\u00fcr&#8217;d\u00fcr.<\/p>\n\n\n\n<h3 class=\"wp-block-heading\">3.1 \u0130kizler Burcunun \u00d6zellikleri<\/h3>\n\n\n\n<p>\u0130kizler bur\u00e7lar\u0131, ileti\u015fim yetenekleri, merakl\u0131 yap\u0131s\u0131 ve adaptasyon yetene\u011fi ile bilinirler. Ancak karars\u0131zl\u0131k ve dikkat da\u011f\u0131n\u0131kl\u0131\u011f\u0131, \u0130kizler burcunun olumsuz \u00f6zellikleri aras\u0131nda yer al\u0131r.<\/p>\n\n\n\n<h2 class=\"wp-block-heading\">4. Yenge\u00e7 Burcu: Suyun Derinlikleri (22 Haziran &#8211; 22 Temmuz)<\/h2>\n\n\n\n<p>Su grubunun temsilcisi olan <strong>Yenge\u00e7 burcu<\/strong>, 22 Haziran ve 22 Temmuz tarihleri aras\u0131nda do\u011fanlar\u0131 kapsar. Bu burcun y\u00f6netici gezegeni Ay&#8217;d\u0131r, bu da Yenge\u00e7 bur\u00e7lar\u0131n\u0131n ruh hallerini belirler.<\/p>\n\n\n\n<h3 class=\"wp-block-heading\">4.1 Yenge\u00e7 Burcunun \u00d6zellikleri<\/h3>\n\n\n\n<p>Yenge\u00e7 bur\u00e7lar\u0131, duygusal, \u015fefkatli ve korumac\u0131 ki\u015filikleri ile tan\u0131n\u0131rlar. Ancak duygusal dalgalanmalar\u0131 ve hassasiyetleri, bu burcun zorluklar\u0131 aras\u0131nda yer alabilir.<\/p>\n\n\n\n<h2 class=\"wp-block-heading\">5. Aslan Burcu: Ate\u015fin K\u00fckremesi (23 Temmuz &#8211; 22 A\u011fustos)<\/h2>\n\n\n\n<p><strong>Aslan burcu<\/strong>, 23 Temmuz ve 22 A\u011fustos tarihleri aras\u0131nda do\u011fanlar\u0131 temsil eder. Bu burcun y\u00f6netici gezegeni G\u00fcne\u015f&#8217;tir, bu da Aslan bur\u00e7lar\u0131n\u0131n liderlik yeteneklerini ve karizmatik ki\u015filiklerini belirler.<\/p>\n\n\n\n<h3 class=\"wp-block-heading\">5.1 Aslan Burcunun \u00d6zellikleri<\/h3>\n\n\n\n<p>Aslan bur\u00e7lar\u0131, c\u00f6mert, yarat\u0131c\u0131 ve cesur ki\u015filikleri ile tan\u0131n\u0131rlar. Ancak egoistlik ve inat\u00e7\u0131l\u0131k, Aslan burcunun olumsuz \u00f6zellikleri aras\u0131nda yer alabilir.<\/p>\n\n\n\n<h2 class=\"wp-block-heading\">6. Ba\u015fak Burcu: Topra\u011f\u0131n D\u00fcr\u00fcstl\u00fc\u011f\u00fc (23 A\u011fustos &#8211; 22 Eyl\u00fcl)<\/h2>\n\n\n\n<p>Toprak grubunun temsilcisi olan <strong>Ba\u015fak burcu<\/strong>, 23 A\u011fustos ve 22 Eyl\u00fcl tarihleri aras\u0131nda do\u011fanlar\u0131 kapsar. Bu burcun y\u00f6netici gezegeni Merk\u00fcr&#8217;d\u00fcr, bu da Ba\u015fak bur\u00e7lar\u0131n\u0131n analitik d\u00fc\u015f\u00fcnme yetene\u011fini belirler.<\/p>\n\n\n\n<h3 class=\"wp-block-heading\">6.1 Ba\u015fak Burcunun \u00d6zellikleri<\/h3>\n\n\n\n<p>Ba\u015fak bur\u00e7lar\u0131, \u00e7al\u0131\u015fkan, pratik ve analitik d\u00fc\u015f\u00fcnme yetenekleri ile tan\u0131n\u0131rlar. Ancak a\u015f\u0131r\u0131 ele\u015ftirel ve titiz olmalar\u0131, bu burcun olumsuz \u00f6zellikleri aras\u0131nda yer alabilir.<\/p>\n\n\n\n<h2 class=\"wp-block-heading\">7. Terazi Burcu: Havan\u0131n Dengesi (23 Eyl\u00fcl &#8211; 23 Ekim)<\/h2>\n\n\n\n<p>Hava grubunun temsilcisi olan <strong>Terazi burcu<\/strong>, 23 Eyl\u00fcl ve 23 Ekim tarihleri aras\u0131nda do\u011fanlar\u0131 kapsar. Bu burcun y\u00f6netici gezegeni Ven\u00fcs&#8217;t\u00fcr, bu da Terazi bur\u00e7lar\u0131n\u0131n sosyal ve uyumlu ki\u015filiklerini belirler.<\/p>\n\n\n\n<h3 class=\"wp-block-heading\">7.1 Terazi Burcunun \u00d6zellikleri<\/h3>\n\n\n\n<p>Terazi bur\u00e7lar\u0131, dengeli, adil ve sosyal ki\u015filikleri ile tan\u0131n\u0131rlar. Ancak karars\u0131zl\u0131k ve \u00e7at\u0131\u015fmalardan ka\u00e7ma e\u011filimi, Terazi burcunun olumsuz \u00f6zellikleri aras\u0131nda yer alabilir.<\/p>\n\n\n\n<h2 class=\"wp-block-heading\">8. Akrep Burcu: Suyun Gizemi (24 Ekim &#8211; 22 Kas\u0131m)<\/h2>\n\n\n\n<p>Su grubunun temsilcisi olan <strong>Akrep burcu<\/strong>, 24 Ekim ve 22 Kas\u0131m tarihleri aras\u0131nda do\u011fanlar\u0131 kapsar. Bu burcun y\u00f6netici gezegeni Mars ve Pl\u00fcton&#8217;dur, bu da Akrep bur\u00e7lar\u0131n\u0131n tutkulu ve kararl\u0131 ki\u015filiklerini belirler.<\/p>\n\n\n\n<h3 class=\"wp-block-heading\">8.1 Akrep Burcunun \u00d6zellikleri<\/h3>\n\n\n\n<p>Akrep bur\u00e7lar\u0131, tutkulu, kararl\u0131 ve ara\u015ft\u0131rmac\u0131 ki\u015filikleri ile tan\u0131n\u0131rlar. Ancak k\u0131skan\u00e7l\u0131k ve intikam duygusu, Akrep burcunun olumsuz \u00f6zellikleri aras\u0131nda yer alabilir.<\/p>\n\n\n\n<h2 class=\"wp-block-heading\">9. Yay Burcu: Ate\u015fin Maceras\u0131 (23 Kas\u0131m &#8211; 21 Aral\u0131k)<\/h2>\n\n\n\n<p>Ate\u015f elementinin temsilcisi olan <strong>Yay burcu<\/strong>, 23 Kas\u0131m ve 21 Aral\u0131k tarihleri aras\u0131nda do\u011fanlar\u0131 kapsar. Bu burcun y\u00f6netici gezegeni J\u00fcpiter&#8217;dir, bu da Yay bur\u00e7lar\u0131n\u0131n iyimser ve \u00f6zg\u00fcr ruhlu ki\u015filiklerini belirler.<\/p>\n\n\n\n<h3 class=\"wp-block-heading\">9.1 Yay Burcunun \u00d6zellikleri<\/h3>\n\n\n\n<p>Yay bur\u00e7lar\u0131, iyimser, \u00f6zg\u00fcr ruhlu ve maceraperest ki\u015filikleri ile tan\u0131n\u0131rlar. Ancak d\u00fc\u015f\u00fcncesizlik ve sab\u0131rs\u0131zl\u0131k, Yay burcunun olumsuz \u00f6zellikleri aras\u0131nda yer alabilir.<\/p>\n\n\n\n<h2 class=\"wp-block-heading\">10. O\u011flak Burcu: Topra\u011f\u0131n Kararl\u0131l\u0131\u011f\u0131 (22 Aral\u0131k &#8211; 20 Ocak)<\/h2>\n\n\n\n<p>Toprak grubunun temsilcisi olan <strong>O\u011flak burcu<\/strong>, 22 Aral\u0131k ve 20 Ocak tarihleri aras\u0131nda do\u011fanlar\u0131 kapsar. Bu burcun y\u00f6netici gezegeni Sat\u00fcrn&#8217;d\u00fcr, bu da O\u011flak bur\u00e7lar\u0131n\u0131n disiplinli ve sab\u0131rl\u0131 ki\u015filiklerini belirler.<\/p>\n\n\n\n<h3 class=\"wp-block-heading\">10.1 O\u011flak Burcunun \u00d6zellikleri<\/h3>\n\n\n\n<p>O\u011flak bur\u00e7lar\u0131, disiplinli, sorumluluk sahibi ve pratik ki\u015filikleri ile tan\u0131n\u0131rlar. Ancak pesimistik ve kat\u0131 olmalar\u0131, O\u011flak burcunun olumsuz \u00f6zellikleri aras\u0131nda yer alabilir.<\/p>\n\n\n\n<h2 class=\"wp-block-heading\">11. Kova Burcu: Havan\u0131n \u00d6zg\u00fcrl\u00fc\u011f\u00fc (21 Ocak &#8211; 18 \u015eubat)<\/h2>\n\n\n\n<p>Hava grubunun temsilcisi olan <strong>Kova burcu<\/strong>, 21 Ocak ve 18 \u015eubat tarihleri aras\u0131nda do\u011fanlar\u0131 kapsar. Bu burcun y\u00f6netici gezegeni Uran\u00fcs&#8217;t\u00fcr, bu da Kova bur\u00e7lar\u0131n\u0131n \u00f6zg\u00fcr d\u00fc\u015f\u00fcnceli ve yarat\u0131c\u0131 ki\u015filiklerini belirler.<\/p>\n\n\n\n<h3 class=\"wp-block-heading\">11.1 Kova Burcunun \u00d6zellikleri<\/h3>\n\n\n\n<p>Kova bur\u00e7lar\u0131, \u00f6zg\u00fcr d\u00fc\u015f\u00fcnceli, yenilik\u00e7i ve sosyal ki\u015filikleri ile tan\u0131n\u0131rlar. Ancak inat\u00e7\u0131l\u0131k ve duygusal mesafe, Kova burcunun olumsuz \u00f6zellikleri aras\u0131nda yer alabilir.<\/p>\n\n\n\n<h2 class=\"wp-block-heading\">12. Bal\u0131k Burcu: Suyun Duygusall\u0131\u011f\u0131 (19 \u015eubat &#8211; 20 Mart)<\/h2>\n\n\n\n<p>Su grubunun temsilcisi olan <strong>Bal\u0131k burcu<\/strong>, 19 \u015eubat ve 20 Mart tarihleri aras\u0131nda do\u011fanlar\u0131 kapsar. Bu burcun y\u00f6netici gezegeni Nept\u00fcn ve J\u00fcpiter&#8217;dir, bu da Bal\u0131k bur\u00e7lar\u0131n\u0131n duygusal ve empatik ki\u015filiklerini belirler.<\/p>\n\n\n\n<h3 class=\"wp-block-heading\">12.1 Bal\u0131k Burcunun \u00d6zellikleri<\/h3>\n\n\n\n<p>Bal\u0131k bur\u00e7lar\u0131, duygusal, empatik ve yard\u0131msever ki\u015filikleri ile tan\u0131n\u0131rlar. Ancak ka\u00e7amak\u00e7\u0131l\u0131k ve duygusal dalgalanmalar, Bal\u0131k burcunun olumsuz \u00f6zellikleri aras\u0131nda yer alabilir.<\/p>\n","protected":false},"excerpt":{"rendered":"<p>Astroloji, insanlar\u0131n ki\u015filiklerini ve ya\u015famlar\u0131n\u0131 etkileyen gezegenlerin, y\u0131ld\u0131zlar\u0131n ve di\u011fer g\u00f6ksel cisimlerin hareketlerini inceleyen bir bilim dal\u0131d\u0131r. Bu bilim dal\u0131nda en \u00e7ok bilinen konulardan biri de bur\u00e7lard\u0131r. Bu yaz\u0131m\u0131zda, 12 burcun tarihlerini ve \u00f6zelliklerini ayr\u0131nt\u0131l\u0131 bir \u015fekilde inceleyece\u011fiz.<\/p>\n","protected":false},"author":1,"featured_media":656,"comment_status":"open","ping_status":"open","sticky":false,"template":"","format":"standard","meta":{"_acf_changed":false,"site-sidebar-layout":"default","site-content-layout":"","ast-site-content-layout":"","site-content-style":"default","site-sidebar-style":"default","ast-global-header-display":"","ast-banner-title-visibility":"","ast-main-header-display":"","ast-hfb-above-header-display":"","ast-hfb-below-header-display":"","ast-hfb-mobile-header-display":"","site-post-title":"","ast-breadcrumbs-content":"","ast-featured-img":"","footer-sml-layout":"","theme-transparent-header-meta":"","adv-header-id-meta":"","stick-header-meta":"","header-above-stick-meta":"","header-main-stick-meta":"","header-below-stick-meta":"","astra-migrate-meta-layouts":"default","ast-page-background-enabled":"default","ast-page-background-meta":{"desktop":{"background-color":"var(--ast-global-color-4)","background-image":"","background-repeat":"repeat","background-position":"center center","background-size":"auto","background-attachment":"scroll","background-type":"","background-media":"","overlay-type":"","overlay-color":"","overlay-gradient":""},"tablet":{"background-color":"","background-image":"","background-repeat":"repeat","background-position":"center center","background-size":"auto","background-attachment":"scroll","background-type":"","background-media":"","overlay-type":"","overlay-color":"","overlay-gradient":""},"mobile":{"background-color":"","background-image":"","background-repeat":"repeat","background-position":"center center","background-size":"auto","background-attachment":"scroll","background-type":"","background-media":"","overlay-type":"","overlay-color":"","overlay-gradient":""}},"ast-content-background-meta":{"desktop":{"background-color":"var(--ast-global-color-5)","background-image":"","background-repeat":"repeat","background-position":"center center","background-size":"auto","background-attachment":"scroll","background-type":"","background-media":"","overlay-type":"","overlay-color":"","overlay-gradient":""},"tablet":{"background-color":"var(--ast-global-color-5)","background-image":"","background-repeat":"repeat","background-position":"center center","background-size":"auto","background-attachment":"scroll","background-type":"","background-media":"","overlay-type":"","overlay-color":"","overlay-gradient":""},"mobile":{"background-color":"var(--ast-global-color-5)","background-image":"","background-repeat":"repeat","background-position":"center center","background-size":"auto","background-attachment":"scroll","background-type":"","background-media":"","overlay-type":"","overlay-color":"","overlay-gradient":""}},"footnotes":""},"categories":[1,83],"tags":[99,101,100,102],"acf":[],"yoast_head":"<!-- This site is optimized with the Yoast SEO plugin v22.8 - https:\/\/yoast.com\/wordpress\/plugins\/seo\/ -->\n<title>T\u00fcm Bur\u00e7lar, Tarihleri ve \u00d6zellikleri - Emeyz - Bilgiye A\u00e7\u0131lan Kap\u0131n\u0131z<\/title>\n<meta name=\"description\" content=\"T\u00fcm Bur\u00e7lar, Tarihleri ve \u00d6zellikleri Ya\u015fam Tarz\u0131\" \/>\n<meta name=\"robots\" content=\"index, follow, max-snippet:-1, max-image-preview:large, max-video-preview:-1\" \/>\n<link rel=\"canonical\" href=\"https:\/\/tr.emeyz.com\/tum-burclar-tarihleri-ve-ozellikleri\/\" \/>\n<meta property=\"og:locale\" content=\"tr_TR\" \/>\n<meta property=\"og:type\" content=\"article\" \/>\n<meta property=\"og:title\" content=\"T\u00fcm Bur\u00e7lar, Tarihleri ve \u00d6zellikleri - Emeyz - Bilgiye A\u00e7\u0131lan Kap\u0131n\u0131z\" \/>\n<meta property=\"og:description\" content=\"T\u00fcm Bur\u00e7lar, Tarihleri ve \u00d6zellikleri Ya\u015fam Tarz\u0131\" \/>\n<meta property=\"og:url\" content=\"https:\/\/tr.emeyz.com\/tum-burclar-tarihleri-ve-ozellikleri\/\" \/>\n<meta property=\"og:site_name\" content=\"Emeyz - Bilgiye A\u00e7\u0131lan Kap\u0131n\u0131z\" \/>\n<meta property=\"article:published_time\" content=\"2024-02-05T06:00:00+00:00\" \/>\n<meta property=\"article:modified_time\" content=\"2024-01-30T13:19:17+00:00\" \/>\n<meta property=\"og:image\" content=\"https:\/\/tr.emeyz.com\/wp-content\/uploads\/sites\/3\/2024\/01\/Burclar-jpg-webp.webp\" \/>\n\t<meta property=\"og:image:width\" content=\"740\" \/>\n\t<meta property=\"og:image:height\" content=\"620\" \/>\n\t<meta property=\"og:image:type\" content=\"image\/jpeg\" \/>\n<meta name=\"author\" content=\"atabasch7\" \/>\n<meta name=\"twitter:card\" content=\"summary_large_image\" \/>\n<meta name=\"twitter:label1\" content=\"Yazan:\" \/>\n\t<meta name=\"twitter:data1\" content=\"atabasch7\" \/>\n\t<meta name=\"twitter:label2\" content=\"Tahmini okuma s\u00fcresi\" \/>\n\t<meta name=\"twitter:data2\" content=\"6 dakika\" \/>\n<script type=\"application\/ld+json\" class=\"yoast-schema-graph\">{\"@context\":\"https:\/\/schema.org\",\"@graph\":[{\"@type\":\"Article\",\"@id\":\"https:\/\/tr.emeyz.com\/tum-burclar-tarihleri-ve-ozellikleri\/#article\",\"isPartOf\":{\"@id\":\"https:\/\/tr.emeyz.com\/tum-burclar-tarihleri-ve-ozellikleri\/\"},\"author\":{\"name\":\"atabasch7\",\"@id\":\"https:\/\/tr.emeyz.com\/#\/schema\/person\/60fe7b9f880b978cf516997a4ffab9c1\"},\"headline\":\"T\u00fcm Bur\u00e7lar, Tarihleri ve \u00d6zellikleri\",\"datePublished\":\"2024-02-05T06:00:00+00:00\",\"dateModified\":\"2024-01-30T13:19:17+00:00\",\"mainEntityOfPage\":{\"@id\":\"https:\/\/tr.emeyz.com\/tum-burclar-tarihleri-ve-ozellikleri\/\"},\"wordCount\":1098,\"commentCount\":0,\"publisher\":{\"@id\":\"https:\/\/tr.emeyz.com\/#\/schema\/person\/c6761aab1b92a1001df9730f3575628f\"},\"image\":{\"@id\":\"https:\/\/tr.emeyz.com\/tum-burclar-tarihleri-ve-ozellikleri\/#primaryimage\"},\"thumbnailUrl\":\"https:\/\/tr.emeyz.com\/wp-content\/uploads\/sites\/3\/2024\/01\/Burclar-jpg-webp.webp\",\"keywords\":[\"12 bur\u00e7\",\"bur\u00e7lar ve \u00f6zellikleri\",\"bur\u00e7lar ve tarihleri\",\"t\u00fcm bur\u00e7lar\u0131n listesi\"],\"articleSection\":[\"Makale\",\"Ya\u015fam Tarz\u0131\"],\"inLanguage\":\"tr\",\"potentialAction\":[{\"@type\":\"CommentAction\",\"name\":\"Comment\",\"target\":[\"https:\/\/tr.emeyz.com\/tum-burclar-tarihleri-ve-ozellikleri\/#respond\"]}]},{\"@type\":\"WebPage\",\"@id\":\"https:\/\/tr.emeyz.com\/tum-burclar-tarihleri-ve-ozellikleri\/\",\"url\":\"https:\/\/tr.emeyz.com\/tum-burclar-tarihleri-ve-ozellikleri\/\",\"name\":\"T\u00fcm Bur\u00e7lar, Tarihleri ve \u00d6zellikleri - Emeyz - Bilgiye A\u00e7\u0131lan Kap\u0131n\u0131z\",\"isPartOf\":{\"@id\":\"https:\/\/tr.emeyz.com\/#website\"},\"primaryImageOfPage\":{\"@id\":\"https:\/\/tr.emeyz.com\/tum-burclar-tarihleri-ve-ozellikleri\/#primaryimage\"},\"image\":{\"@id\":\"https:\/\/tr.emeyz.com\/tum-burclar-tarihleri-ve-ozellikleri\/#primaryimage\"},\"thumbnailUrl\":\"https:\/\/tr.emeyz.com\/wp-content\/uploads\/sites\/3\/2024\/01\/Burclar-jpg-webp.webp\",\"datePublished\":\"2024-02-05T06:00:00+00:00\",\"dateModified\":\"2024-01-30T13:19:17+00:00\",\"description\":\"T\u00fcm Bur\u00e7lar, Tarihleri ve \u00d6zellikleri Ya\u015fam Tarz\u0131\",\"breadcrumb\":{\"@id\":\"https:\/\/tr.emeyz.com\/tum-burclar-tarihleri-ve-ozellikleri\/#breadcrumb\"},\"inLanguage\":\"tr\",\"potentialAction\":[{\"@type\":\"ReadAction\",\"target\":[\"https:\/\/tr.emeyz.com\/tum-burclar-tarihleri-ve-ozellikleri\/\"]}]},{\"@type\":\"ImageObject\",\"inLanguage\":\"tr\",\"@id\":\"https:\/\/tr.emeyz.com\/tum-burclar-tarihleri-ve-ozellikleri\/#primaryimage\",\"url\":\"https:\/\/tr.emeyz.com\/wp-content\/uploads\/sites\/3\/2024\/01\/Burclar-jpg-webp.webp\",\"contentUrl\":\"https:\/\/tr.emeyz.com\/wp-content\/uploads\/sites\/3\/2024\/01\/Burclar-jpg-webp.webp\",\"width\":740,\"height\":620},{\"@type\":\"BreadcrumbList\",\"@id\":\"https:\/\/tr.emeyz.com\/tum-burclar-tarihleri-ve-ozellikleri\/#breadcrumb\",\"itemListElement\":[{\"@type\":\"ListItem\",\"position\":1,\"name\":\"Anasayfa\",\"item\":\"https:\/\/tr.emeyz.com\/\"},{\"@type\":\"ListItem\",\"position\":2,\"name\":\"T\u00fcm Bur\u00e7lar, Tarihleri ve \u00d6zellikleri\"}]},{\"@type\":\"WebSite\",\"@id\":\"https:\/\/tr.emeyz.com\/#website\",\"url\":\"https:\/\/tr.emeyz.com\/\",\"name\":\"Emeyz\",\"description\":\"Bilgi Payla\u015f\u0131m Blo\u011fu\",\"publisher\":{\"@id\":\"https:\/\/tr.emeyz.com\/#\/schema\/person\/c6761aab1b92a1001df9730f3575628f\"},\"potentialAction\":[{\"@type\":\"SearchAction\",\"target\":{\"@type\":\"EntryPoint\",\"urlTemplate\":\"https:\/\/tr.emeyz.com\/?s={search_term_string}\"},\"query-input\":\"required name=search_term_string\"}],\"inLanguage\":\"tr\"},{\"@type\":[\"Person\",\"Organization\"],\"@id\":\"https:\/\/tr.emeyz.com\/#\/schema\/person\/c6761aab1b92a1001df9730f3575628f\",\"name\":\"emeyz\",\"image\":{\"@type\":\"ImageObject\",\"inLanguage\":\"tr\",\"@id\":\"https:\/\/tr.emeyz.com\/#\/schema\/person\/image\/\",\"url\":\"https:\/\/tr.emeyz.com\/wp-content\/uploads\/sites\/3\/2024\/01\/emeyz-com-logo.png\",\"contentUrl\":\"https:\/\/tr.emeyz.com\/wp-content\/uploads\/sites\/3\/2024\/01\/emeyz-com-logo.png\",\"width\":225,\"height\":75,\"caption\":\"emeyz\"},\"logo\":{\"@id\":\"https:\/\/tr.emeyz.com\/#\/schema\/person\/image\/\"},\"sameAs\":[\"https:\/\/emeyz.com\"]},{\"@type\":\"Person\",\"@id\":\"https:\/\/tr.emeyz.com\/#\/schema\/person\/60fe7b9f880b978cf516997a4ffab9c1\",\"name\":\"atabasch7\",\"image\":{\"@type\":\"ImageObject\",\"inLanguage\":\"tr\",\"@id\":\"https:\/\/tr.emeyz.com\/#\/schema\/person\/image\/\",\"url\":\"https:\/\/secure.gravatar.com\/avatar\/35d6b8e21148342014b18ca6cb3a2779?s=96&d=mm&r=g\",\"contentUrl\":\"https:\/\/secure.gravatar.com\/avatar\/35d6b8e21148342014b18ca6cb3a2779?s=96&d=mm&r=g\",\"caption\":\"atabasch7\"},\"sameAs\":[\"http:\/\/atabasch.net\"],\"url\":\"https:\/\/tr.emeyz.com\/author\/atabasch7\/\"}]}<\/script>\n<!-- \/ Yoast SEO plugin. -->","yoast_head_json":{"title":"T\u00fcm Bur\u00e7lar, Tarihleri ve \u00d6zellikleri - Emeyz - Bilgiye A\u00e7\u0131lan Kap\u0131n\u0131z","description":"T\u00fcm Bur\u00e7lar, Tarihleri ve \u00d6zellikleri Ya\u015fam Tarz\u0131","robots":{"index":"index","follow":"follow","max-snippet":"max-snippet:-1","max-image-preview":"max-image-preview:large","max-video-preview":"max-video-preview:-1"},"canonical":"https:\/\/tr.emeyz.com\/tum-burclar-tarihleri-ve-ozellikleri\/","og_locale":"tr_TR","og_type":"article","og_title":"T\u00fcm Bur\u00e7lar, Tarihleri ve \u00d6zellikleri - Emeyz - Bilgiye A\u00e7\u0131lan Kap\u0131n\u0131z","og_description":"T\u00fcm Bur\u00e7lar, Tarihleri ve \u00d6zellikleri Ya\u015fam Tarz\u0131","og_url":"https:\/\/tr.emeyz.com\/tum-burclar-tarihleri-ve-ozellikleri\/","og_site_name":"Emeyz - Bilgiye A\u00e7\u0131lan Kap\u0131n\u0131z","article_published_time":"2024-02-05T06:00:00+00:00","article_modified_time":"2024-01-30T13:19:17+00:00","og_image":[{"width":740,"height":620,"url":"https:\/\/tr.emeyz.com\/wp-content\/uploads\/sites\/3\/2024\/01\/Burclar-jpg-webp.webp","type":"image\/jpeg"}],"author":"atabasch7","twitter_card":"summary_large_image","twitter_misc":{"Yazan:":"atabasch7","Tahmini okuma s\u00fcresi":"6 dakika"},"schema":{"@context":"https:\/\/schema.org","@graph":[{"@type":"Article","@id":"https:\/\/tr.emeyz.com\/tum-burclar-tarihleri-ve-ozellikleri\/#article","isPartOf":{"@id":"https:\/\/tr.emeyz.com\/tum-burclar-tarihleri-ve-ozellikleri\/"},"author":{"name":"atabasch7","@id":"https:\/\/tr.emeyz.com\/#\/schema\/person\/60fe7b9f880b978cf516997a4ffab9c1"},"headline":"T\u00fcm Bur\u00e7lar, Tarihleri ve \u00d6zellikleri","datePublished":"2024-02-05T06:00:00+00:00","dateModified":"2024-01-30T13:19:17+00:00","mainEntityOfPage":{"@id":"https:\/\/tr.emeyz.com\/tum-burclar-tarihleri-ve-ozellikleri\/"},"wordCount":1098,"commentCount":0,"publisher":{"@id":"https:\/\/tr.emeyz.com\/#\/schema\/person\/c6761aab1b92a1001df9730f3575628f"},"image":{"@id":"https:\/\/tr.emeyz.com\/tum-burclar-tarihleri-ve-ozellikleri\/#primaryimage"},"thumbnailUrl":"https:\/\/tr.emeyz.com\/wp-content\/uploads\/sites\/3\/2024\/01\/Burclar-jpg-webp.webp","keywords":["12 bur\u00e7","bur\u00e7lar ve \u00f6zellikleri","bur\u00e7lar ve tarihleri","t\u00fcm bur\u00e7lar\u0131n listesi"],"articleSection":["Makale","Ya\u015fam Tarz\u0131"],"inLanguage":"tr","potentialAction":[{"@type":"CommentAction","name":"Comment","target":["https:\/\/tr.emeyz.com\/tum-burclar-tarihleri-ve-ozellikleri\/#respond"]}]},{"@type":"WebPage","@id":"https:\/\/tr.emeyz.com\/tum-burclar-tarihleri-ve-ozellikleri\/","url":"https:\/\/tr.emeyz.com\/tum-burclar-tarihleri-ve-ozellikleri\/","name":"T\u00fcm Bur\u00e7lar, Tarihleri ve \u00d6zellikleri - Emeyz - Bilgiye A\u00e7\u0131lan Kap\u0131n\u0131z","isPartOf":{"@id":"https:\/\/tr.emeyz.com\/#website"},"primaryImageOfPage":{"@id":"https:\/\/tr.emeyz.com\/tum-burclar-tarihleri-ve-ozellikleri\/#primaryimage"},"image":{"@id":"https:\/\/tr.emeyz.com\/tum-burclar-tarihleri-ve-ozellikleri\/#primaryimage"},"thumbnailUrl":"https:\/\/tr.emeyz.com\/wp-content\/uploads\/sites\/3\/2024\/01\/Burclar-jpg-webp.webp","datePublished":"2024-02-05T06:00:00+00:00","dateModified":"2024-01-30T13:19:17+00:00","description":"T\u00fcm Bur\u00e7lar, Tarihleri ve \u00d6zellikleri Ya\u015fam Tarz\u0131","breadcrumb":{"@id":"https:\/\/tr.emeyz.com\/tum-burclar-tarihleri-ve-ozellikleri\/#breadcrumb"},"inLanguage":"tr","potentialAction":[{"@type":"ReadAction","target":["https:\/\/tr.emeyz.com\/tum-burclar-tarihleri-ve-ozellikleri\/"]}]},{"@type":"ImageObject","inLanguage":"tr","@id":"https:\/\/tr.emeyz.com\/tum-burclar-tarihleri-ve-ozellikleri\/#primaryimage","url":"https:\/\/tr.emeyz.com\/wp-content\/uploads\/sites\/3\/2024\/01\/Burclar-jpg-webp.webp","contentUrl":"https:\/\/tr.emeyz.com\/wp-content\/uploads\/sites\/3\/2024\/01\/Burclar-jpg-webp.webp","width":740,"height":620},{"@type":"BreadcrumbList","@id":"https:\/\/tr.emeyz.com\/tum-burclar-tarihleri-ve-ozellikleri\/#breadcrumb","itemListElement":[{"@type":"ListItem","position":1,"name":"Anasayfa","item":"https:\/\/tr.emeyz.com\/"},{"@type":"ListItem","position":2,"name":"T\u00fcm Bur\u00e7lar, Tarihleri ve \u00d6zellikleri"}]},{"@type":"WebSite","@id":"https:\/\/tr.emeyz.com\/#website","url":"https:\/\/tr.emeyz.com\/","name":"Emeyz","description":"Bilgi Payla\u015f\u0131m Blo\u011fu","publisher":{"@id":"https:\/\/tr.emeyz.com\/#\/schema\/person\/c6761aab1b92a1001df9730f3575628f"},"potentialAction":[{"@type":"SearchAction","target":{"@type":"EntryPoint","urlTemplate":"https:\/\/tr.emeyz.com\/?s={search_term_string}"},"query-input":"required name=search_term_string"}],"inLanguage":"tr"},{"@type":["Person","Organization"],"@id":"https:\/\/tr.emeyz.com\/#\/schema\/person\/c6761aab1b92a1001df9730f3575628f","name":"emeyz","image":{"@type":"ImageObject","inLanguage":"tr","@id":"https:\/\/tr.emeyz.com\/#\/schema\/person\/image\/","url":"https:\/\/tr.emeyz.com\/wp-content\/uploads\/sites\/3\/2024\/01\/emeyz-com-logo.png","contentUrl":"https:\/\/tr.emeyz.com\/wp-content\/uploads\/sites\/3\/2024\/01\/emeyz-com-logo.png","width":225,"height":75,"caption":"emeyz"},"logo":{"@id":"https:\/\/tr.emeyz.com\/#\/schema\/person\/image\/"},"sameAs":["https:\/\/emeyz.com"]},{"@type":"Person","@id":"https:\/\/tr.emeyz.com\/#\/schema\/person\/60fe7b9f880b978cf516997a4ffab9c1","name":"atabasch7","image":{"@type":"ImageObject","inLanguage":"tr","@id":"https:\/\/tr.emeyz.com\/#\/schema\/person\/image\/","url":"https:\/\/secure.gravatar.com\/avatar\/35d6b8e21148342014b18ca6cb3a2779?s=96&d=mm&r=g","contentUrl":"https:\/\/secure.gravatar.com\/avatar\/35d6b8e21148342014b18ca6cb3a2779?s=96&d=mm&r=g","caption":"atabasch7"},"sameAs":["http:\/\/atabasch.net"],"url":"https:\/\/tr.emeyz.com\/author\/atabasch7\/"}]}},"_links":{"self":[{"href":"https:\/\/tr.emeyz.com\/api\/wp\/v2\/posts\/655"}],"collection":[{"href":"https:\/\/tr.emeyz.com\/api\/wp\/v2\/posts"}],"about":[{"href":"https:\/\/tr.emeyz.com\/api\/wp\/v2\/types\/post"}],"author":[{"embeddable":true,"href":"https:\/\/tr.emeyz.com\/api\/wp\/v2\/users\/1"}],"replies":[{"embeddable":true,"href":"https:\/\/tr.emeyz.com\/api\/wp\/v2\/comments?post=655"}],"version-history":[{"count":0,"href":"https:\/\/tr.emeyz.com\/api\/wp\/v2\/posts\/655\/revisions"}],"wp:featuredmedia":[{"embeddable":true,"href":"https:\/\/tr.emeyz.com\/api\/wp\/v2\/media\/656"}],"wp:attachment":[{"href":"https:\/\/tr.emeyz.com\/api\/wp\/v2\/media?parent=655"}],"wp:term":[{"taxonomy":"category","embeddable":true,"href":"https:\/\/tr.emeyz.com\/api\/wp\/v2\/categories?post=655"},{"taxonomy":"post_tag","embeddable":true,"href":"https:\/\/tr.emeyz.com\/api\/wp\/v2\/tags?post=655"}],"curies":[{"name":"wp","href":"https:\/\/api.w.org\/{rel}","templated":true}]}}