{"id":591,"date":"2024-02-01T07:30:00","date_gmt":"2024-02-01T04:30:00","guid":{"rendered":"https:\/\/emeyz.com\/?p=591"},"modified":"2024-01-29T20:29:20","modified_gmt":"2024-01-29T17:29:20","slug":"almanyanin-ekonomik-mucizesinin-mimari-ilk-yabanci-iscilerin-hikayesi","status":"publish","type":"post","link":"https:\/\/tr.emeyz.com\/almanyanin-ekonomik-mucizesinin-mimari-ilk-yabanci-iscilerin-hikayesi\/","title":{"rendered":"Almanya&#8217;n\u0131n Ekonomik Mucizesinin Mimar\u0131: \u0130lk Yabanc\u0131 \u0130\u015f\u00e7ilerin Hikayesi"},"content":{"rendered":"\n<p>Almanya&#8217;n\u0131n ekonomik mucizesi, sava\u015f sonras\u0131 d\u00f6nemin zorluklar\u0131ndan h\u0131zla y\u00fckselirken, \u00fclke \u00e7al\u0131\u015fan kollar aray\u0131\u015f\u0131na girdi. 1950&#8217;lerin ortalar\u0131nda ba\u015flayan bu aray\u0131\u015f, Almanya&#8217;n\u0131n \u00e7ehresini sonsuza dek de\u011fi\u015ftirecek bir d\u00f6neme giri\u015fi i\u015faret etti: Yabanc\u0131 i\u015f\u00e7ilerin gelmesi.&nbsp;<\/p>\n\n\n\n<h2 class=\"wp-block-heading\">Almanya&#8217;n\u0131n \u00c7a\u011fr\u0131s\u0131 ve \u0130lk Anla\u015fmalar<\/h2>\n\n\n\n<p>1955 y\u0131l\u0131nda, Alman ekonomisi h\u0131zla b\u00fcy\u00fcyordu ancak bu b\u00fcy\u00fcmeyi s\u00fcrd\u00fcrebilmek i\u00e7in yeterli i\u015fg\u00fcc\u00fc bulunmuyordu. Bu durum, Almanya&#8217;y\u0131 yabanc\u0131 i\u015f\u00e7i anla\u015fmalar\u0131 yapmaya itti. \u0130lk olarak \u0130talya ile bir anla\u015fma imzaland\u0131. \u0130talyan i\u015f\u00e7iler, Almanya&#8217;n\u0131n sanayi sekt\u00f6r\u00fcnde, \u00f6zellikle otomotiv ve in\u015faat alanlar\u0131nda \u00e7al\u0131\u015fmaya ba\u015flad\u0131lar. Bu ad\u0131m, sonraki y\u0131llarda \u0130spanya, Yunanistan, T\u00fcrkiye, Portekiz ve Yugoslavya gibi \u00fclkelerle benzer anla\u015fmalar\u0131n yap\u0131lmas\u0131n\u0131n \u00f6n\u00fcn\u00fc a\u00e7t\u0131.<\/p>\n\n\n\n<h2 class=\"wp-block-heading\">\u0130lk Yabanc\u0131 \u0130\u015f\u00e7ilerin Yerle\u015fim Yerleri<\/h2>\n\n\n\n<p>1950&#8217;ler ve 1960&#8217;lar Almanya&#8217;s\u0131, sava\u015f sonras\u0131 ekonomik kalk\u0131nman\u0131n zirvesindeydi. Bu d\u00f6nemde \u00fclkeye ak\u0131n eden yabanc\u0131 i\u015f\u00e7iler, Alman ekonomisinin \u00e7arklar\u0131n\u0131 d\u00f6nd\u00fcren temel unsurlardan biri haline geldi. Ancak, bu i\u015f\u00e7iler Almanya&#8217;n\u0131n hangi b\u00f6lgelerine yerle\u015fti ve bu yerle\u015fimler \u00fclkenin sosyo-ekonomik yap\u0131s\u0131n\u0131 nas\u0131l etkiledi? Bu yaz\u0131da, Almanya&#8217;ya ilk gelen yabanc\u0131 i\u015f\u00e7ilerin eyalet ve \u015fehir baz\u0131nda yerle\u015fimlerine detayl\u0131 bir bak\u0131\u015f ataca\u011f\u0131z.<\/p>\n\n\n\n<h2 class=\"wp-block-heading\">Bat\u0131 Almanya&#8217;n\u0131n Sanayi Merkezleri:<\/h2>\n\n\n\n<p>\u0130lk yabanc\u0131 i\u015f\u00e7i ak\u0131n\u0131, \u00f6zellikle Bat\u0131 Almanya&#8217;n\u0131n sanayi b\u00f6lgelerine yo\u011funla\u015ft\u0131. \u0130\u015f\u00e7ilerin \u00e7o\u011fu, Kuzey Ren-Vestfalya, Baden-W\u00fcrttemberg ve Bavyera gibi sanayi a\u00e7\u0131s\u0131ndan zengin eyaletlerdeki b\u00fcy\u00fck \u015fehirlere yerle\u015fti. Bu b\u00f6lgeler, otomotiv, madencilik ve in\u015faat sekt\u00f6rleri i\u00e7in yo\u011fun i\u015fg\u00fcc\u00fc talebiyle dikkat \u00e7ekiyordu.<\/p>\n\n\n\n<h3 class=\"wp-block-heading\">Kuzey Ren-Vestfalya&#8217;n\u0131n \u00c7al\u0131\u015fan Y\u00fczleri:<\/h3>\n\n\n\n<p>Kuzey Ren-Vestfalya, Almanya&#8217;n\u0131n en kalabal\u0131k eyaleti olup, \u00e7elik ve k\u00f6m\u00fcr sanayisinin merkezini olu\u015fturuyordu. Bu eyalet, \u00f6zellikle Dortmund, Essen ve Duisburg gibi \u015fehirler, yabanc\u0131 i\u015f\u00e7iler i\u00e7in \u00f6nemli \u00e7al\u0131\u015fma alanlar\u0131 sa\u011flad\u0131. \u0130\u015f\u00e7iler, sanayi tesislerinde ve madenlerde yo\u011fun bir \u015fekilde \u00e7al\u0131\u015ft\u0131lar.<\/p>\n\n\n\n<h3 class=\"wp-block-heading\">Baden-W\u00fcrttemberg&#8217;in Ekonomik Motorlar\u0131:<\/h3>\n\n\n\n<p>Baden-W\u00fcrttemberg eyaleti, Almanya&#8217;n\u0131n otomotiv sanayisinin kalbi olarak bilinir. Stuttgart ve Mannheim gibi \u015fehirler, Mercedes-Benz ve Porsche gibi b\u00fcy\u00fck otomobil \u015firketlerinin merkezlerine ev sahipli\u011fi yap\u0131yordu. Bu b\u00f6lgeye yerle\u015fen yabanc\u0131 i\u015f\u00e7iler, Almanya&#8217;n\u0131n otomotiv sekt\u00f6r\u00fcndeki b\u00fcy\u00fcmesine \u00f6nemli katk\u0131larda bulundular.<\/p>\n\n\n\n<h3 class=\"wp-block-heading\">Bavyera&#8217;n\u0131n Sanayi ve Tar\u0131m Alanlar\u0131<\/h3>\n\n\n\n<p>Bavyera, Almanya&#8217;n\u0131n en b\u00fcy\u00fck eyaleti olarak hem sanayi hem de tar\u0131m alanlar\u0131nda i\u015f\u00e7ilere ev sahipli\u011fi yapt\u0131. \u00d6zellikle M\u00fcnih, N\u00fcrnberg ve Augsburg gibi \u015fehirler, elektronik, m\u00fchendislik ve otomotiv sekt\u00f6rlerinde faaliyet g\u00f6steren b\u00fcy\u00fck \u015firketlerin merkezleriydi. Bu \u015fehirler, yabanc\u0131 i\u015f\u00e7ilerin yo\u011fun olarak \u00e7al\u0131\u015ft\u0131\u011f\u0131 ve topluluklar olu\u015fturdu\u011fu yerler aras\u0131ndayd\u0131.<\/p>\n\n\n\n<h3 class=\"wp-block-heading\">Yeni Bir Hayata Uyum<\/h3>\n\n\n\n<p>Bu i\u015f\u00e7iler, \u00e7o\u011funlukla erkeklerden olu\u015fan ve genellikle ailelerinden ayr\u0131 ya\u015fayan bir grup olarak, Almanya&#8217;n\u0131n sanayi \u015fehirlerinde topland\u0131. Onlar\u0131 bekleyen zorlu ya\u015fam ko\u015fullar\u0131 ve k\u00fclt\u00fcrel farkl\u0131l\u0131klar, bu g\u00f6\u00e7menlerin hayat\u0131n\u0131n ayr\u0131lmaz bir par\u00e7as\u0131 haline geldi. \u0130\u015f\u00e7iler, Alman toplumuna uyum sa\u011flamaya \u00e7al\u0131\u015f\u0131rken, Almanya da bu yeni n\u00fcfusun getirdi\u011fi de\u011fi\u015fime ayak uydurmaya \u00e7al\u0131\u015ft\u0131.<\/p>\n\n\n\n<h3 class=\"wp-block-heading\">Ekonomik Etki ve Toplumsal De\u011fi\u015fim<\/h3>\n\n\n\n<p>Yabanc\u0131 i\u015f\u00e7iler, Almanya&#8217;n\u0131n ekonomik b\u00fcy\u00fcmesine b\u00fcy\u00fck katk\u0131da bulundular. Onlar\u0131n kat\u0131l\u0131m\u0131, \u00fclkenin sava\u015f sonras\u0131 yeniden yap\u0131lanma s\u00fcrecinde kritik bir rol oynad\u0131. Ancak, bu s\u00fcre\u00e7 sadece ekonomik bir ba\u015far\u0131 hikayesi de\u011fil, ayn\u0131 zamanda k\u00fclt\u00fcrel ve toplumsal bir d\u00f6n\u00fc\u015f\u00fcm\u00fcn de ba\u015flang\u0131\u00e7\u0131yd\u0131. Almanya&#8217;daki bu yeni topluluk, hem kendileri i\u00e7in yeni bir ya\u015fam kurarken hem de Alman toplumunun dokusuna katk\u0131da bulunurken, \u00e7e\u015fitlili\u011fi ve \u00e7ok k\u00fclt\u00fcrl\u00fcl\u00fc\u011f\u00fc beraberinde getirdi.<\/p>\n\n\n\n<h3 class=\"wp-block-heading\">Uzun Vadeli Kal\u0131\u015f ve Entegrasyon<\/h3>\n\n\n\n<p>Ba\u015flang\u0131\u00e7ta ge\u00e7ici olarak planlanan bu g\u00f6\u00e7menlik, zamanla kal\u0131c\u0131 bir hal ald\u0131. 1973&#8217;teki petrol krizi ve ekonomik durgunluk sonucu Almanya, yabanc\u0131 i\u015f\u00e7i al\u0131m\u0131n\u0131 durdurdu. Bu durum, bir\u00e7ok i\u015f\u00e7inin ailelerini Almanya&#8217;ya getirmesine ve burada kal\u0131c\u0131 bir ya\u015fam kurmas\u0131na yol a\u00e7t\u0131. G\u00fcn\u00fcm\u00fczde, bu ilk g\u00f6\u00e7menlerin \u00e7ocuklar\u0131 ve torunlar\u0131, Alman toplumunun ayr\u0131lmaz bir par\u00e7as\u0131 haline gelmi\u015f durumda.<\/p>\n\n\n\n<p>Almanya&#8217;ya gelen ilk yabanc\u0131 i\u015f\u00e7iler, sadece ekonomik bir gereklilikten \u00f6te, \u00fclkenin k\u00fclt\u00fcrel ve sosyal yap\u0131s\u0131n\u0131 \u015fekillendiren \u00f6nemli bir fakt\u00f6r oldu. Onlar\u0131n hikayeleri, g\u00f6\u00e7menlik, entegrasyon ve k\u00fclt\u00fcrleraras\u0131 etkile\u015fimin karma\u015f\u0131k ve zengin dokusunu yans\u0131t\u0131yor. Bug\u00fcn, bu g\u00f6\u00e7menler ve onlar\u0131n soyundan gelenler, Almanya&#8217;n\u0131n \u00e7ok y\u00f6nl\u00fc ve \u00e7ok k\u00fclt\u00fcrl\u00fc y\u00fcz\u00fcn\u00fc temsil ediyorlar.<\/p>\n\n\n\n<p>Bu tarihsel d\u00f6neme bakarken, Almanya&#8217;n\u0131n nas\u0131l bir &#8220;\u00e7al\u0131\u015fan y\u00fczler&#8221; mozai\u011fine d\u00f6n\u00fc\u015ft\u00fc\u011f\u00fcn\u00fc g\u00f6rmek m\u00fcmk\u00fcn. Yabanc\u0131 i\u015f\u00e7ilerin Almanya&#8217;ya geli\u015fi, sadece ekonomik bir d\u00f6n\u00fcm noktas\u0131 de\u011fil, ayn\u0131 zamanda toplumsal ve k\u00fclt\u00fcrel bir d\u00f6n\u00fc\u015f\u00fcm\u00fcn de ba\u015flang\u0131c\u0131yd\u0131.<\/p>\n","protected":false},"excerpt":{"rendered":"<p>1950&#8217;lerin ortalar\u0131nda ba\u015flayan i\u015f\u00e7i aray\u0131\u015f\u0131, Almanya&#8217;n\u0131n \u00e7ehresini sonsuza dek de\u011fi\u015ftirecek bir d\u00f6neme giri\u015fi i\u015faret etti: Yabanc\u0131 i\u015f\u00e7ilerin gelmesi.<\/p>\n","protected":false},"author":2,"featured_media":629,"comment_status":"open","ping_status":"open","sticky":false,"template":"","format":"standard","meta":{"_acf_changed":false,"site-sidebar-layout":"default","site-content-layout":"","ast-site-content-layout":"","site-content-style":"default","site-sidebar-style":"default","ast-global-header-display":"","ast-banner-title-visibility":"","ast-main-header-display":"","ast-hfb-above-header-display":"","ast-hfb-below-header-display":"","ast-hfb-mobile-header-display":"","site-post-title":"","ast-breadcrumbs-content":"","ast-featured-img":"","footer-sml-layout":"","theme-transparent-header-meta":"","adv-header-id-meta":"","stick-header-meta":"","header-above-stick-meta":"","header-main-stick-meta":"","header-below-stick-meta":"","astra-migrate-meta-layouts":"default","ast-page-background-enabled":"default","ast-page-background-meta":{"desktop":{"background-color":"var(--ast-global-color-4)","background-image":"","background-repeat":"repeat","background-position":"center center","background-size":"auto","background-attachment":"scroll","background-type":"","background-media":"","overlay-type":"","overlay-color":"","overlay-gradient":""},"tablet":{"background-color":"","background-image":"","background-repeat":"repeat","background-position":"center center","background-size":"auto","background-attachment":"scroll","background-type":"","background-media":"","overlay-type":"","overlay-color":"","overlay-gradient":""},"mobile":{"background-color":"","background-image":"","background-repeat":"repeat","background-position":"center center","background-size":"auto","background-attachment":"scroll","background-type":"","background-media":"","overlay-type":"","overlay-color":"","overlay-gradient":""}},"ast-content-background-meta":{"desktop":{"background-color":"var(--ast-global-color-5)","background-image":"","background-repeat":"repeat","background-position":"center center","background-size":"auto","background-attachment":"scroll","background-type":"","background-media":"","overlay-type":"","overlay-color":"","overlay-gradient":""},"tablet":{"background-color":"var(--ast-global-color-5)","background-image":"","background-repeat":"repeat","background-position":"center center","background-size":"auto","background-attachment":"scroll","background-type":"","background-media":"","overlay-type":"","overlay-color":"","overlay-gradient":""},"mobile":{"background-color":"var(--ast-global-color-5)","background-image":"","background-repeat":"repeat","background-position":"center center","background-size":"auto","background-attachment":"scroll","background-type":"","background-media":"","overlay-type":"","overlay-color":"","overlay-gradient":""}},"footnotes":""},"categories":[1,83,87],"tags":[84,88],"acf":[],"yoast_head":"<!-- This site is optimized with the Yoast SEO plugin v22.8 - https:\/\/yoast.com\/wordpress\/plugins\/seo\/ -->\n<title>Almanya&#039;n\u0131n Ekonomik Mucizesinin Mimar\u0131: \u0130lk Yabanc\u0131 \u0130\u015f\u00e7ilerin Hikayesi - Emeyz - Bilgiye A\u00e7\u0131lan Kap\u0131n\u0131z<\/title>\n<meta name=\"description\" content=\"Almanya&#039;n\u0131n Ekonomik Mucizesinin Mimar\u0131: \u0130lk Yabanc\u0131 \u0130\u015f\u00e7ilerin Hikayesi Yurt D\u0131\u015f\u0131\" \/>\n<meta name=\"robots\" content=\"index, follow, max-snippet:-1, max-image-preview:large, max-video-preview:-1\" \/>\n<link rel=\"canonical\" href=\"https:\/\/tr.emeyz.com\/almanyanin-ekonomik-mucizesinin-mimari-ilk-yabanci-iscilerin-hikayesi\/\" \/>\n<meta property=\"og:locale\" content=\"tr_TR\" \/>\n<meta property=\"og:type\" content=\"article\" \/>\n<meta property=\"og:title\" content=\"Almanya&#039;n\u0131n Ekonomik Mucizesinin Mimar\u0131: \u0130lk Yabanc\u0131 \u0130\u015f\u00e7ilerin Hikayesi - Emeyz - Bilgiye A\u00e7\u0131lan Kap\u0131n\u0131z\" \/>\n<meta property=\"og:description\" content=\"Almanya&#039;n\u0131n Ekonomik Mucizesinin Mimar\u0131: \u0130lk Yabanc\u0131 \u0130\u015f\u00e7ilerin Hikayesi Yurt D\u0131\u015f\u0131\" \/>\n<meta property=\"og:url\" content=\"https:\/\/tr.emeyz.com\/almanyanin-ekonomik-mucizesinin-mimari-ilk-yabanci-iscilerin-hikayesi\/\" \/>\n<meta property=\"og:site_name\" content=\"Emeyz - Bilgiye A\u00e7\u0131lan Kap\u0131n\u0131z\" \/>\n<meta property=\"article:published_time\" content=\"2024-02-01T04:30:00+00:00\" \/>\n<meta property=\"article:modified_time\" content=\"2024-01-29T17:29:20+00:00\" \/>\n<meta property=\"og:image\" content=\"https:\/\/tr.emeyz.com\/wp-content\/uploads\/sites\/3\/2024\/01\/Almanyanin-Ilk-Yabanci-Iscileri-jpg-webp.webp\" \/>\n\t<meta property=\"og:image:width\" content=\"740\" \/>\n\t<meta property=\"og:image:height\" content=\"620\" \/>\n\t<meta property=\"og:image:type\" content=\"image\/jpeg\" \/>\n<meta name=\"author\" content=\"emeyz\" \/>\n<meta name=\"twitter:card\" content=\"summary_large_image\" \/>\n<meta name=\"twitter:label1\" content=\"Yazan:\" \/>\n\t<meta name=\"twitter:data1\" content=\"emeyz\" \/>\n\t<meta name=\"twitter:label2\" content=\"Tahmini okuma s\u00fcresi\" \/>\n\t<meta name=\"twitter:data2\" content=\"4 dakika\" \/>\n<script type=\"application\/ld+json\" class=\"yoast-schema-graph\">{\"@context\":\"https:\/\/schema.org\",\"@graph\":[{\"@type\":\"Article\",\"@id\":\"https:\/\/tr.emeyz.com\/almanyanin-ekonomik-mucizesinin-mimari-ilk-yabanci-iscilerin-hikayesi\/#article\",\"isPartOf\":{\"@id\":\"https:\/\/tr.emeyz.com\/almanyanin-ekonomik-mucizesinin-mimari-ilk-yabanci-iscilerin-hikayesi\/\"},\"author\":{\"name\":\"emeyz\",\"@id\":\"https:\/\/tr.emeyz.com\/#\/schema\/person\/c6761aab1b92a1001df9730f3575628f\"},\"headline\":\"Almanya&#8217;n\u0131n Ekonomik Mucizesinin Mimar\u0131: \u0130lk Yabanc\u0131 \u0130\u015f\u00e7ilerin Hikayesi\",\"datePublished\":\"2024-02-01T04:30:00+00:00\",\"dateModified\":\"2024-01-29T17:29:20+00:00\",\"mainEntityOfPage\":{\"@id\":\"https:\/\/tr.emeyz.com\/almanyanin-ekonomik-mucizesinin-mimari-ilk-yabanci-iscilerin-hikayesi\/\"},\"wordCount\":895,\"commentCount\":0,\"publisher\":{\"@id\":\"https:\/\/tr.emeyz.com\/#\/schema\/person\/c6761aab1b92a1001df9730f3575628f\"},\"image\":{\"@id\":\"https:\/\/tr.emeyz.com\/almanyanin-ekonomik-mucizesinin-mimari-ilk-yabanci-iscilerin-hikayesi\/#primaryimage\"},\"thumbnailUrl\":\"https:\/\/tr.emeyz.com\/wp-content\/uploads\/sites\/3\/2024\/01\/Almanyanin-Ilk-Yabanci-Iscileri-jpg-webp.webp\",\"keywords\":[\"Alman g\u00f6\u00e7menler\",\"almanyadaki ilk yabanc\u0131 i\u015f\u00e7iler\"],\"articleSection\":[\"Makale\",\"Ya\u015fam Tarz\u0131\",\"Yurt D\u0131\u015f\u0131\"],\"inLanguage\":\"tr\",\"potentialAction\":[{\"@type\":\"CommentAction\",\"name\":\"Comment\",\"target\":[\"https:\/\/tr.emeyz.com\/almanyanin-ekonomik-mucizesinin-mimari-ilk-yabanci-iscilerin-hikayesi\/#respond\"]}]},{\"@type\":\"WebPage\",\"@id\":\"https:\/\/tr.emeyz.com\/almanyanin-ekonomik-mucizesinin-mimari-ilk-yabanci-iscilerin-hikayesi\/\",\"url\":\"https:\/\/tr.emeyz.com\/almanyanin-ekonomik-mucizesinin-mimari-ilk-yabanci-iscilerin-hikayesi\/\",\"name\":\"Almanya'n\u0131n Ekonomik Mucizesinin Mimar\u0131: \u0130lk Yabanc\u0131 \u0130\u015f\u00e7ilerin Hikayesi - Emeyz - Bilgiye A\u00e7\u0131lan Kap\u0131n\u0131z\",\"isPartOf\":{\"@id\":\"https:\/\/tr.emeyz.com\/#website\"},\"primaryImageOfPage\":{\"@id\":\"https:\/\/tr.emeyz.com\/almanyanin-ekonomik-mucizesinin-mimari-ilk-yabanci-iscilerin-hikayesi\/#primaryimage\"},\"image\":{\"@id\":\"https:\/\/tr.emeyz.com\/almanyanin-ekonomik-mucizesinin-mimari-ilk-yabanci-iscilerin-hikayesi\/#primaryimage\"},\"thumbnailUrl\":\"https:\/\/tr.emeyz.com\/wp-content\/uploads\/sites\/3\/2024\/01\/Almanyanin-Ilk-Yabanci-Iscileri-jpg-webp.webp\",\"datePublished\":\"2024-02-01T04:30:00+00:00\",\"dateModified\":\"2024-01-29T17:29:20+00:00\",\"description\":\"Almanya'n\u0131n Ekonomik Mucizesinin Mimar\u0131: \u0130lk Yabanc\u0131 \u0130\u015f\u00e7ilerin Hikayesi Yurt D\u0131\u015f\u0131\",\"breadcrumb\":{\"@id\":\"https:\/\/tr.emeyz.com\/almanyanin-ekonomik-mucizesinin-mimari-ilk-yabanci-iscilerin-hikayesi\/#breadcrumb\"},\"inLanguage\":\"tr\",\"potentialAction\":[{\"@type\":\"ReadAction\",\"target\":[\"https:\/\/tr.emeyz.com\/almanyanin-ekonomik-mucizesinin-mimari-ilk-yabanci-iscilerin-hikayesi\/\"]}]},{\"@type\":\"ImageObject\",\"inLanguage\":\"tr\",\"@id\":\"https:\/\/tr.emeyz.com\/almanyanin-ekonomik-mucizesinin-mimari-ilk-yabanci-iscilerin-hikayesi\/#primaryimage\",\"url\":\"https:\/\/tr.emeyz.com\/wp-content\/uploads\/sites\/3\/2024\/01\/Almanyanin-Ilk-Yabanci-Iscileri-jpg-webp.webp\",\"contentUrl\":\"https:\/\/tr.emeyz.com\/wp-content\/uploads\/sites\/3\/2024\/01\/Almanyanin-Ilk-Yabanci-Iscileri-jpg-webp.webp\",\"width\":740,\"height\":620},{\"@type\":\"BreadcrumbList\",\"@id\":\"https:\/\/tr.emeyz.com\/almanyanin-ekonomik-mucizesinin-mimari-ilk-yabanci-iscilerin-hikayesi\/#breadcrumb\",\"itemListElement\":[{\"@type\":\"ListItem\",\"position\":1,\"name\":\"Anasayfa\",\"item\":\"https:\/\/tr.emeyz.com\/\"},{\"@type\":\"ListItem\",\"position\":2,\"name\":\"Almanya&#8217;n\u0131n Ekonomik Mucizesinin Mimar\u0131: \u0130lk Yabanc\u0131 \u0130\u015f\u00e7ilerin Hikayesi\"}]},{\"@type\":\"WebSite\",\"@id\":\"https:\/\/tr.emeyz.com\/#website\",\"url\":\"https:\/\/tr.emeyz.com\/\",\"name\":\"Emeyz\",\"description\":\"Bilgi Payla\u015f\u0131m Blo\u011fu\",\"publisher\":{\"@id\":\"https:\/\/tr.emeyz.com\/#\/schema\/person\/c6761aab1b92a1001df9730f3575628f\"},\"potentialAction\":[{\"@type\":\"SearchAction\",\"target\":{\"@type\":\"EntryPoint\",\"urlTemplate\":\"https:\/\/tr.emeyz.com\/?s={search_term_string}\"},\"query-input\":\"required name=search_term_string\"}],\"inLanguage\":\"tr\"},{\"@type\":[\"Person\",\"Organization\"],\"@id\":\"https:\/\/tr.emeyz.com\/#\/schema\/person\/c6761aab1b92a1001df9730f3575628f\",\"name\":\"emeyz\",\"image\":{\"@type\":\"ImageObject\",\"inLanguage\":\"tr\",\"@id\":\"https:\/\/tr.emeyz.com\/#\/schema\/person\/image\/\",\"url\":\"https:\/\/tr.emeyz.com\/wp-content\/uploads\/sites\/3\/2024\/01\/emeyz-com-logo.png\",\"contentUrl\":\"https:\/\/tr.emeyz.com\/wp-content\/uploads\/sites\/3\/2024\/01\/emeyz-com-logo.png\",\"width\":225,\"height\":75,\"caption\":\"emeyz\"},\"logo\":{\"@id\":\"https:\/\/tr.emeyz.com\/#\/schema\/person\/image\/\"},\"sameAs\":[\"https:\/\/emeyz.com\"],\"url\":\"https:\/\/tr.emeyz.com\/author\/emeyz\/\"}]}<\/script>\n<!-- \/ Yoast SEO plugin. -->","yoast_head_json":{"title":"Almanya'n\u0131n Ekonomik Mucizesinin Mimar\u0131: \u0130lk Yabanc\u0131 \u0130\u015f\u00e7ilerin Hikayesi - Emeyz - Bilgiye A\u00e7\u0131lan Kap\u0131n\u0131z","description":"Almanya'n\u0131n Ekonomik Mucizesinin Mimar\u0131: \u0130lk Yabanc\u0131 \u0130\u015f\u00e7ilerin Hikayesi Yurt D\u0131\u015f\u0131","robots":{"index":"index","follow":"follow","max-snippet":"max-snippet:-1","max-image-preview":"max-image-preview:large","max-video-preview":"max-video-preview:-1"},"canonical":"https:\/\/tr.emeyz.com\/almanyanin-ekonomik-mucizesinin-mimari-ilk-yabanci-iscilerin-hikayesi\/","og_locale":"tr_TR","og_type":"article","og_title":"Almanya'n\u0131n Ekonomik Mucizesinin Mimar\u0131: \u0130lk Yabanc\u0131 \u0130\u015f\u00e7ilerin Hikayesi - Emeyz - Bilgiye A\u00e7\u0131lan Kap\u0131n\u0131z","og_description":"Almanya'n\u0131n Ekonomik Mucizesinin Mimar\u0131: \u0130lk Yabanc\u0131 \u0130\u015f\u00e7ilerin Hikayesi Yurt D\u0131\u015f\u0131","og_url":"https:\/\/tr.emeyz.com\/almanyanin-ekonomik-mucizesinin-mimari-ilk-yabanci-iscilerin-hikayesi\/","og_site_name":"Emeyz - Bilgiye A\u00e7\u0131lan Kap\u0131n\u0131z","article_published_time":"2024-02-01T04:30:00+00:00","article_modified_time":"2024-01-29T17:29:20+00:00","og_image":[{"width":740,"height":620,"url":"https:\/\/tr.emeyz.com\/wp-content\/uploads\/sites\/3\/2024\/01\/Almanyanin-Ilk-Yabanci-Iscileri-jpg-webp.webp","type":"image\/jpeg"}],"author":"emeyz","twitter_card":"summary_large_image","twitter_misc":{"Yazan:":"emeyz","Tahmini okuma s\u00fcresi":"4 dakika"},"schema":{"@context":"https:\/\/schema.org","@graph":[{"@type":"Article","@id":"https:\/\/tr.emeyz.com\/almanyanin-ekonomik-mucizesinin-mimari-ilk-yabanci-iscilerin-hikayesi\/#article","isPartOf":{"@id":"https:\/\/tr.emeyz.com\/almanyanin-ekonomik-mucizesinin-mimari-ilk-yabanci-iscilerin-hikayesi\/"},"author":{"name":"emeyz","@id":"https:\/\/tr.emeyz.com\/#\/schema\/person\/c6761aab1b92a1001df9730f3575628f"},"headline":"Almanya&#8217;n\u0131n Ekonomik Mucizesinin Mimar\u0131: \u0130lk Yabanc\u0131 \u0130\u015f\u00e7ilerin Hikayesi","datePublished":"2024-02-01T04:30:00+00:00","dateModified":"2024-01-29T17:29:20+00:00","mainEntityOfPage":{"@id":"https:\/\/tr.emeyz.com\/almanyanin-ekonomik-mucizesinin-mimari-ilk-yabanci-iscilerin-hikayesi\/"},"wordCount":895,"commentCount":0,"publisher":{"@id":"https:\/\/tr.emeyz.com\/#\/schema\/person\/c6761aab1b92a1001df9730f3575628f"},"image":{"@id":"https:\/\/tr.emeyz.com\/almanyanin-ekonomik-mucizesinin-mimari-ilk-yabanci-iscilerin-hikayesi\/#primaryimage"},"thumbnailUrl":"https:\/\/tr.emeyz.com\/wp-content\/uploads\/sites\/3\/2024\/01\/Almanyanin-Ilk-Yabanci-Iscileri-jpg-webp.webp","keywords":["Alman g\u00f6\u00e7menler","almanyadaki ilk yabanc\u0131 i\u015f\u00e7iler"],"articleSection":["Makale","Ya\u015fam Tarz\u0131","Yurt D\u0131\u015f\u0131"],"inLanguage":"tr","potentialAction":[{"@type":"CommentAction","name":"Comment","target":["https:\/\/tr.emeyz.com\/almanyanin-ekonomik-mucizesinin-mimari-ilk-yabanci-iscilerin-hikayesi\/#respond"]}]},{"@type":"WebPage","@id":"https:\/\/tr.emeyz.com\/almanyanin-ekonomik-mucizesinin-mimari-ilk-yabanci-iscilerin-hikayesi\/","url":"https:\/\/tr.emeyz.com\/almanyanin-ekonomik-mucizesinin-mimari-ilk-yabanci-iscilerin-hikayesi\/","name":"Almanya'n\u0131n Ekonomik Mucizesinin Mimar\u0131: \u0130lk Yabanc\u0131 \u0130\u015f\u00e7ilerin Hikayesi - Emeyz - Bilgiye A\u00e7\u0131lan Kap\u0131n\u0131z","isPartOf":{"@id":"https:\/\/tr.emeyz.com\/#website"},"primaryImageOfPage":{"@id":"https:\/\/tr.emeyz.com\/almanyanin-ekonomik-mucizesinin-mimari-ilk-yabanci-iscilerin-hikayesi\/#primaryimage"},"image":{"@id":"https:\/\/tr.emeyz.com\/almanyanin-ekonomik-mucizesinin-mimari-ilk-yabanci-iscilerin-hikayesi\/#primaryimage"},"thumbnailUrl":"https:\/\/tr.emeyz.com\/wp-content\/uploads\/sites\/3\/2024\/01\/Almanyanin-Ilk-Yabanci-Iscileri-jpg-webp.webp","datePublished":"2024-02-01T04:30:00+00:00","dateModified":"2024-01-29T17:29:20+00:00","description":"Almanya'n\u0131n Ekonomik Mucizesinin Mimar\u0131: \u0130lk Yabanc\u0131 \u0130\u015f\u00e7ilerin Hikayesi Yurt D\u0131\u015f\u0131","breadcrumb":{"@id":"https:\/\/tr.emeyz.com\/almanyanin-ekonomik-mucizesinin-mimari-ilk-yabanci-iscilerin-hikayesi\/#breadcrumb"},"inLanguage":"tr","potentialAction":[{"@type":"ReadAction","target":["https:\/\/tr.emeyz.com\/almanyanin-ekonomik-mucizesinin-mimari-ilk-yabanci-iscilerin-hikayesi\/"]}]},{"@type":"ImageObject","inLanguage":"tr","@id":"https:\/\/tr.emeyz.com\/almanyanin-ekonomik-mucizesinin-mimari-ilk-yabanci-iscilerin-hikayesi\/#primaryimage","url":"https:\/\/tr.emeyz.com\/wp-content\/uploads\/sites\/3\/2024\/01\/Almanyanin-Ilk-Yabanci-Iscileri-jpg-webp.webp","contentUrl":"https:\/\/tr.emeyz.com\/wp-content\/uploads\/sites\/3\/2024\/01\/Almanyanin-Ilk-Yabanci-Iscileri-jpg-webp.webp","width":740,"height":620},{"@type":"BreadcrumbList","@id":"https:\/\/tr.emeyz.com\/almanyanin-ekonomik-mucizesinin-mimari-ilk-yabanci-iscilerin-hikayesi\/#breadcrumb","itemListElement":[{"@type":"ListItem","position":1,"name":"Anasayfa","item":"https:\/\/tr.emeyz.com\/"},{"@type":"ListItem","position":2,"name":"Almanya&#8217;n\u0131n Ekonomik Mucizesinin Mimar\u0131: \u0130lk Yabanc\u0131 \u0130\u015f\u00e7ilerin Hikayesi"}]},{"@type":"WebSite","@id":"https:\/\/tr.emeyz.com\/#website","url":"https:\/\/tr.emeyz.com\/","name":"Emeyz","description":"Bilgi Payla\u015f\u0131m Blo\u011fu","publisher":{"@id":"https:\/\/tr.emeyz.com\/#\/schema\/person\/c6761aab1b92a1001df9730f3575628f"},"potentialAction":[{"@type":"SearchAction","target":{"@type":"EntryPoint","urlTemplate":"https:\/\/tr.emeyz.com\/?s={search_term_string}"},"query-input":"required name=search_term_string"}],"inLanguage":"tr"},{"@type":["Person","Organization"],"@id":"https:\/\/tr.emeyz.com\/#\/schema\/person\/c6761aab1b92a1001df9730f3575628f","name":"emeyz","image":{"@type":"ImageObject","inLanguage":"tr","@id":"https:\/\/tr.emeyz.com\/#\/schema\/person\/image\/","url":"https:\/\/tr.emeyz.com\/wp-content\/uploads\/sites\/3\/2024\/01\/emeyz-com-logo.png","contentUrl":"https:\/\/tr.emeyz.com\/wp-content\/uploads\/sites\/3\/2024\/01\/emeyz-com-logo.png","width":225,"height":75,"caption":"emeyz"},"logo":{"@id":"https:\/\/tr.emeyz.com\/#\/schema\/person\/image\/"},"sameAs":["https:\/\/emeyz.com"],"url":"https:\/\/tr.emeyz.com\/author\/emeyz\/"}]}},"_links":{"self":[{"href":"https:\/\/tr.emeyz.com\/api\/wp\/v2\/posts\/591"}],"collection":[{"href":"https:\/\/tr.emeyz.com\/api\/wp\/v2\/posts"}],"about":[{"href":"https:\/\/tr.emeyz.com\/api\/wp\/v2\/types\/post"}],"author":[{"embeddable":true,"href":"https:\/\/tr.emeyz.com\/api\/wp\/v2\/users\/2"}],"replies":[{"embeddable":true,"href":"https:\/\/tr.emeyz.com\/api\/wp\/v2\/comments?post=591"}],"version-history":[{"count":0,"href":"https:\/\/tr.emeyz.com\/api\/wp\/v2\/posts\/591\/revisions"}],"wp:featuredmedia":[{"embeddable":true,"href":"https:\/\/tr.emeyz.com\/api\/wp\/v2\/media\/629"}],"wp:attachment":[{"href":"https:\/\/tr.emeyz.com\/api\/wp\/v2\/media?parent=591"}],"wp:term":[{"taxonomy":"category","embeddable":true,"href":"https:\/\/tr.emeyz.com\/api\/wp\/v2\/categories?post=591"},{"taxonomy":"post_tag","embeddable":true,"href":"https:\/\/tr.emeyz.com\/api\/wp\/v2\/tags?post=591"}],"curies":[{"name":"wp","href":"https:\/\/api.w.org\/{rel}","templated":true}]}}