{"id":588,"date":"2024-02-01T10:00:00","date_gmt":"2024-02-01T07:00:00","guid":{"rendered":"https:\/\/emeyz.com\/?p=588"},"modified":"2024-01-29T20:29:31","modified_gmt":"2024-01-29T17:29:31","slug":"almanlarin-en-cok-goc-etmek-istedikleri-ulkeler-nerelerdir","status":"publish","type":"post","link":"https:\/\/tr.emeyz.com\/almanlarin-en-cok-goc-etmek-istedikleri-ulkeler-nerelerdir\/","title":{"rendered":"Almanlar\u0131n en \u00e7ok g\u00f6\u00e7 etmek istedikleri \u00fclkeler nerelerdir ?"},"content":{"rendered":"\n<h2 class=\"wp-block-heading\">Almanlar\u0131n G\u00f6zde G\u00f6\u00e7 Noktalar\u0131: Yeni Bir Hayat \u0130\u00e7in Nereye Gidiyorlar?<\/h2>\n\n\n\n<p>Hemen hemen herkesin bildi\u011fi gibi, bir\u00e7ok ki\u015fi ekonomik olarak daha iyi bir ya\u015fam umuduyla Almanya&#8217;ya yerle\u015fmeyi d\u00fc\u015f\u00fcn\u00fcyor. Ancak, bizlerin \u00e7ok da al\u0131\u015f\u0131k olmad\u0131\u011f\u0131m\u0131z iklim ve \u00e7evre ko\u015fullar\u0131na ra\u011fmen, daha iyi mesleki olanaklar sunan Almanya&#8217;da, acaba Alman vatanda\u015flar\u0131 kalmak istiyor mu? \u0130\u015fte bu yaz\u0131m\u0131zda, Almanya&#8217;da do\u011fup b\u00fcy\u00fcm\u00fc\u015f Alman vatanda\u015flar\u0131n\u0131n hangi \u00fclkelere g\u00f6\u00e7 etmeyi tercih ettiklerini inceleyece\u011fiz.<\/p>\n\n\n\n<h3 class=\"wp-block-heading\"><strong>Almanlar\u0131n G\u00f6\u00e7 Etmek \u0130stedikleri Pop\u00fcler \u00dclkeler ve Yurtd\u0131\u015f\u0131nda Ya\u015famlar\u0131<\/strong><\/h3>\n\n\n\n<p>Her y\u0131l, pek \u00e7ok Alman, yeni kariyer f\u0131rsatlar\u0131, farkl\u0131 bir ya\u015fam tarz\u0131 aray\u0131\u015f\u0131 veya sadece macera tutkusu nedeniyle yurtd\u0131\u015f\u0131na ta\u015f\u0131nmaktad\u0131r. Bu makale, Almanlar\u0131n en \u00e7ok g\u00f6\u00e7 ettikleri \u00fclkeleri, bu trendin nedenlerini ara\u015ft\u0131r\u0131yor ve bu maceraperestlerin yurtd\u0131\u015f\u0131nda ne yapt\u0131klar\u0131n\u0131 ayd\u0131nlat\u0131yor.<\/p>\n\n\n\n<h3 class=\"wp-block-heading\"><strong>G\u00f6\u00e7 Etmek \u0130stedikleri Pop\u00fcler&nbsp; \u00dclkeler<\/strong><\/h3>\n\n\n\n<p>Almanlar i\u00e7in pop\u00fcler g\u00f6\u00e7 destinasyonlar\u0131 ki\u015fisel tercihlere ve mesleki f\u0131rsatlara g\u00f6re de\u011fi\u015fiklik g\u00f6sterir. Geleneksel olarak ABD, Kanada ve Avustralya gibi \u00fclkeler en pop\u00fcler hedefler aras\u0131nda yer al\u0131rken, Avusturya ve \u0130svi\u00e7re gibi Avrupa kom\u015fu \u00fclkeler de olduk\u00e7a tercih edilmektedir. Son y\u0131llarda, \u00c7in ve Tayland gibi Asya \u00fclkeleri de g\u00f6\u00e7menler i\u00e7in cazip hedefler olarak \u00f6ne \u00e7\u0131km\u0131\u015ft\u0131r.<\/p>\n\n\n\n<h3 class=\"wp-block-heading\"><strong>Say\u0131lar ve Ger\u00e7ekler<\/strong><\/h3>\n\n\n\n<p>Yurtd\u0131\u015f\u0131nda ya\u015fayan Almanlar\u0131n kesin say\u0131lar\u0131 y\u0131ldan y\u0131la de\u011fi\u015fmektedir. Tahminlere g\u00f6re \u00f6rne\u011fin, ABD&#8217;de 100.000&#8217;den fazla, \u0130svi\u00e7re&#8217;de ise yakla\u015f\u0131k 80.000 Alman ya\u015famaktad\u0131r. Bu rakamlar, bu \u00fclkelerin Alman g\u00f6\u00e7menler i\u00e7in s\u00fcrekli bir cazibe merkezi oldu\u011funu g\u00f6stermektedir.<\/p>\n\n\n\n<h3 class=\"wp-block-heading\"><strong>G\u00f6\u00e7 Etme Nedenleri<\/strong><\/h3>\n\n\n\n<p>G\u00f6\u00e7 etme nedenleri \u00e7e\u015fitlidir. Bir\u00e7ok ki\u015fi ABD veya \u0130svi\u00e7re gibi \u00fclkelerde daha iyi kariyer f\u0131rsatlar\u0131 veya daha y\u00fcksek maa\u015flar arar. Di\u011ferleri ise Avustralya veya \u0130spanya gibi daha y\u00fcksek ya\u015fam kalitesi ve ho\u015f iklimi nedeniyle bu \u00fclkelere \u00e7ekilmektedir. Ayr\u0131ca, ailevi sebepler de, yurtd\u0131\u015f\u0131nda ya\u015fayan akrabalara daha yak\u0131n olma iste\u011fi veya evlilik gibi, \u00f6nemli bir rol oynayabilir.<\/p>\n\n\n\n<h3 class=\"wp-block-heading\"><strong>Meslek Alanlar\u0131 ve Faaliyetler<\/strong><\/h3>\n\n\n\n<p>Alman g\u00f6\u00e7menler bir\u00e7ok farkl\u0131 meslek alan\u0131nda \u00e7al\u0131\u015fmaktad\u0131r. Bir\u00e7ok ki\u015fi IT sekt\u00f6r\u00fcnde, m\u00fchendislikte veya sa\u011fl\u0131k sekt\u00f6r\u00fcnde istihdam edilmi\u015ftir. Kanada veya Avustralya gibi \u00fclkelerde, zanaatkarl\u0131k ve in\u015faat sekt\u00f6r\u00fcnde de uzman personel b\u00fcy\u00fck talep g\u00f6rmektedir. Akademik ve bilimsel ara\u015ft\u0131rma da bir\u00e7ok Alman&#8217;\u0131 \u00f6zellikle ABD ve Birle\u015fik Krall\u0131k gibi \u00fclkelere \u00e7ekmektedir.<\/p>\n\n\n\n<h3 class=\"wp-block-heading\"><strong>Ya\u015f Yap\u0131s\u0131<\/strong><\/h3>\n\n\n\n<p>G\u00f6\u00e7 eden Almanlar\u0131n ya\u015f yap\u0131s\u0131 geni\u015f bir yelpazeye sahiptir. Gen\u00e7 yeti\u015fkinler genellikle macera arzusu veya e\u011fitim ve \u00f6\u011frenim i\u00e7in yurtd\u0131\u015f\u0131na giderken, ya\u015fl\u0131 nesillerde s\u0131k\u00e7a kariyer de\u011fi\u015fiklikleri veya yurtd\u0131\u015f\u0131nda emeklilik ge\u00e7irme arzusu g\u00f6\u00e7e neden olmaktad\u0131r. \u00d6zellikle \u0131l\u0131man iklimi ve y\u00fcksek ya\u015fam kalitesi ile bilinen \u0130spanya veya Portekiz gibi \u00fclkeler, emekliliklerini yurtd\u0131\u015f\u0131nda ge\u00e7irmek isteyen ya\u015fl\u0131 Almanlar\u0131 \u00e7ekmektedir.<\/p>\n\n\n\n<h3 class=\"wp-block-heading\"><strong>Yurtd\u0131\u015f\u0131nda Entegrasyon ve Ya\u015fam Tarz\u0131<\/strong><\/h3>\n\n\n\n<p>Yeni vatanlar\u0131nda entegre olmak, bir\u00e7ok Alman g\u00f6\u00e7men i\u00e7in heyecan verici bir meydan okumad\u0131r. Yeni k\u00fclt\u00fcrleri ve dilleri \u00f6\u011frenirken, kendi k\u00fclt\u00fcrlerinden de bir par\u00e7a getirirler. Pek \u00e7ok Alman, yeni ev sahibi \u00fclkelerindeki sosyal ya\u015fama aktif olarak kat\u0131l\u0131r ve k\u00fclt\u00fcrel \u00e7e\u015fitlili\u011fe katk\u0131da bulunur. ABD veya \u0130spanya gibi b\u00fcy\u00fck Alman topluluklar\u0131n\u0131n bulundu\u011fu \u00fclkelerde, Alman g\u00f6\u00e7menlere yurtd\u0131\u015f\u0131nda ev gibi hissettiren d\u00fczenli toplant\u0131lar ve k\u00fclt\u00fcrel etkinlikler s\u0131k\u00e7a ger\u00e7ekle\u015ftirilir.<\/p>\n\n\n\n<p>Alman vatanda\u015flar\u0131n\u0131n g\u00f6\u00e7 s\u00fcreci, bireysel motivasyonlar ve hedeflerle \u015fekillenen \u00e7ok katmanl\u0131 bir s\u00fcre\u00e7tir. \u0130ster profesyonel, ailevi ya da ki\u015fisel nedenlerle olsun, g\u00f6\u00e7menler k\u00fclt\u00fcrlerini, bilgilerini ve deneyimlerini d\u00fcnyaya ta\u015f\u0131rlar ve hem yeni vatanlar\u0131na hem de Almanya&#8217;ya zenginlik katmaktad\u0131rlar.<\/p>\n","protected":false},"excerpt":{"rendered":"<p>Bu makale, Almanlar\u0131n yurtd\u0131\u015f\u0131na g\u00f6\u00e7 etme sebeplerini ve pop\u00fcler destinasyonlar\u0131 inceliyor. Ayr\u0131ca, Alman g\u00f6\u00e7menlerin mesleki ya\u015famlar\u0131, entegrasyon s\u00fcre\u00e7leri ve farkl\u0131 \u00fclkelerdeki ya\u015fam tarzlar\u0131n\u0131 ayd\u0131nlat\u0131yor.<\/p>\n","protected":false},"author":2,"featured_media":635,"comment_status":"open","ping_status":"open","sticky":false,"template":"","format":"standard","meta":{"_acf_changed":false,"site-sidebar-layout":"default","site-content-layout":"","ast-site-content-layout":"","site-content-style":"default","site-sidebar-style":"default","ast-global-header-display":"","ast-banner-title-visibility":"","ast-main-header-display":"","ast-hfb-above-header-display":"","ast-hfb-below-header-display":"","ast-hfb-mobile-header-display":"","site-post-title":"","ast-breadcrumbs-content":"","ast-featured-img":"","footer-sml-layout":"","theme-transparent-header-meta":"","adv-header-id-meta":"","stick-header-meta":"","header-above-stick-meta":"","header-main-stick-meta":"","header-below-stick-meta":"","astra-migrate-meta-layouts":"default","ast-page-background-enabled":"default","ast-page-background-meta":{"desktop":{"background-color":"var(--ast-global-color-4)","background-image":"","background-repeat":"repeat","background-position":"center center","background-size":"auto","background-attachment":"scroll","background-type":"","background-media":"","overlay-type":"","overlay-color":"","overlay-gradient":""},"tablet":{"background-color":"","background-image":"","background-repeat":"repeat","background-position":"center center","background-size":"auto","background-attachment":"scroll","background-type":"","background-media":"","overlay-type":"","overlay-color":"","overlay-gradient":""},"mobile":{"background-color":"","background-image":"","background-repeat":"repeat","background-position":"center center","background-size":"auto","background-attachment":"scroll","background-type":"","background-media":"","overlay-type":"","overlay-color":"","overlay-gradient":""}},"ast-content-background-meta":{"desktop":{"background-color":"var(--ast-global-color-5)","background-image":"","background-repeat":"repeat","background-position":"center center","background-size":"auto","background-attachment":"scroll","background-type":"","background-media":"","overlay-type":"","overlay-color":"","overlay-gradient":""},"tablet":{"background-color":"var(--ast-global-color-5)","background-image":"","background-repeat":"repeat","background-position":"center center","background-size":"auto","background-attachment":"scroll","background-type":"","background-media":"","overlay-type":"","overlay-color":"","overlay-gradient":""},"mobile":{"background-color":"var(--ast-global-color-5)","background-image":"","background-repeat":"repeat","background-position":"center center","background-size":"auto","background-attachment":"scroll","background-type":"","background-media":"","overlay-type":"","overlay-color":"","overlay-gradient":""}},"footnotes":""},"categories":[18,1,83],"tags":[84,86,85],"acf":[],"yoast_head":"<!-- This site is optimized with the Yoast SEO plugin v22.8 - https:\/\/yoast.com\/wordpress\/plugins\/seo\/ -->\n<title>Almanlar\u0131n en \u00e7ok g\u00f6\u00e7 etmek istedikleri \u00fclkeler nerelerdir - Emeyz - Bilgiye A\u00e7\u0131lan Kap\u0131n\u0131z<\/title>\n<meta name=\"description\" content=\"Bu makale, Almanlar\u0131n yurtd\u0131\u015f\u0131na g\u00f6\u00e7 etme sebeplerini ve pop\u00fcler destinasyonlar\u0131 inceliyor. Ayr\u0131ca, Alman g\u00f6\u00e7menlerin mesleki ya\u015famlar\u0131, ...\" \/>\n<meta name=\"robots\" content=\"index, follow, max-snippet:-1, max-image-preview:large, max-video-preview:-1\" \/>\n<link rel=\"canonical\" href=\"https:\/\/tr.emeyz.com\/almanlarin-en-cok-goc-etmek-istedikleri-ulkeler-nerelerdir\/\" \/>\n<meta property=\"og:locale\" content=\"tr_TR\" \/>\n<meta property=\"og:type\" content=\"article\" \/>\n<meta property=\"og:title\" content=\"Almanlar\u0131n en \u00e7ok g\u00f6\u00e7 etmek istedikleri \u00fclkeler nerelerdir - Emeyz - Bilgiye A\u00e7\u0131lan Kap\u0131n\u0131z\" \/>\n<meta property=\"og:description\" content=\"Bu makale, Almanlar\u0131n yurtd\u0131\u015f\u0131na g\u00f6\u00e7 etme sebeplerini ve pop\u00fcler destinasyonlar\u0131 inceliyor. Ayr\u0131ca, Alman g\u00f6\u00e7menlerin mesleki ya\u015famlar\u0131, ...\" \/>\n<meta property=\"og:url\" content=\"https:\/\/tr.emeyz.com\/almanlarin-en-cok-goc-etmek-istedikleri-ulkeler-nerelerdir\/\" \/>\n<meta property=\"og:site_name\" content=\"Emeyz - Bilgiye A\u00e7\u0131lan Kap\u0131n\u0131z\" \/>\n<meta property=\"article:published_time\" content=\"2024-02-01T07:00:00+00:00\" \/>\n<meta property=\"article:modified_time\" content=\"2024-01-29T17:29:31+00:00\" \/>\n<meta property=\"og:image\" content=\"https:\/\/tr.emeyz.com\/wp-content\/uploads\/sites\/3\/2024\/01\/Almanlar-nereye-goc-ediyor-jpg-webp.webp\" \/>\n\t<meta property=\"og:image:width\" content=\"740\" \/>\n\t<meta property=\"og:image:height\" content=\"620\" \/>\n\t<meta property=\"og:image:type\" content=\"image\/jpeg\" \/>\n<meta name=\"author\" content=\"emeyz\" \/>\n<meta name=\"twitter:card\" content=\"summary_large_image\" \/>\n<meta name=\"twitter:label1\" content=\"Yazan:\" \/>\n\t<meta name=\"twitter:data1\" content=\"emeyz\" \/>\n\t<meta name=\"twitter:label2\" content=\"Tahmini okuma s\u00fcresi\" \/>\n\t<meta name=\"twitter:data2\" content=\"3 dakika\" \/>\n<script type=\"application\/ld+json\" class=\"yoast-schema-graph\">{\"@context\":\"https:\/\/schema.org\",\"@graph\":[{\"@type\":\"Article\",\"@id\":\"https:\/\/tr.emeyz.com\/almanlarin-en-cok-goc-etmek-istedikleri-ulkeler-nerelerdir\/#article\",\"isPartOf\":{\"@id\":\"https:\/\/tr.emeyz.com\/almanlarin-en-cok-goc-etmek-istedikleri-ulkeler-nerelerdir\/\"},\"author\":{\"name\":\"emeyz\",\"@id\":\"https:\/\/tr.emeyz.com\/#\/schema\/person\/c6761aab1b92a1001df9730f3575628f\"},\"headline\":\"Almanlar\u0131n en \u00e7ok g\u00f6\u00e7 etmek istedikleri \u00fclkeler nerelerdir ?\",\"datePublished\":\"2024-02-01T07:00:00+00:00\",\"dateModified\":\"2024-01-29T17:29:31+00:00\",\"mainEntityOfPage\":{\"@id\":\"https:\/\/tr.emeyz.com\/almanlarin-en-cok-goc-etmek-istedikleri-ulkeler-nerelerdir\/\"},\"wordCount\":692,\"commentCount\":0,\"publisher\":{\"@id\":\"https:\/\/tr.emeyz.com\/#\/schema\/person\/c6761aab1b92a1001df9730f3575628f\"},\"image\":{\"@id\":\"https:\/\/tr.emeyz.com\/almanlarin-en-cok-goc-etmek-istedikleri-ulkeler-nerelerdir\/#primaryimage\"},\"thumbnailUrl\":\"https:\/\/tr.emeyz.com\/wp-content\/uploads\/sites\/3\/2024\/01\/Almanlar-nereye-goc-ediyor-jpg-webp.webp\",\"keywords\":[\"Alman g\u00f6\u00e7menler\",\"G\u00f6\u00e7 destinasyonlar\u0131\",\"Yurtd\u0131\u015f\u0131 ya\u015fam tarzlar\u0131\"],\"articleSection\":[\"Kariyer ve Para\",\"Makale\",\"Ya\u015fam Tarz\u0131\"],\"inLanguage\":\"tr\",\"potentialAction\":[{\"@type\":\"CommentAction\",\"name\":\"Comment\",\"target\":[\"https:\/\/tr.emeyz.com\/almanlarin-en-cok-goc-etmek-istedikleri-ulkeler-nerelerdir\/#respond\"]}]},{\"@type\":\"WebPage\",\"@id\":\"https:\/\/tr.emeyz.com\/almanlarin-en-cok-goc-etmek-istedikleri-ulkeler-nerelerdir\/\",\"url\":\"https:\/\/tr.emeyz.com\/almanlarin-en-cok-goc-etmek-istedikleri-ulkeler-nerelerdir\/\",\"name\":\"Almanlar\u0131n en \u00e7ok g\u00f6\u00e7 etmek istedikleri \u00fclkeler nerelerdir - Emeyz - Bilgiye A\u00e7\u0131lan Kap\u0131n\u0131z\",\"isPartOf\":{\"@id\":\"https:\/\/tr.emeyz.com\/#website\"},\"primaryImageOfPage\":{\"@id\":\"https:\/\/tr.emeyz.com\/almanlarin-en-cok-goc-etmek-istedikleri-ulkeler-nerelerdir\/#primaryimage\"},\"image\":{\"@id\":\"https:\/\/tr.emeyz.com\/almanlarin-en-cok-goc-etmek-istedikleri-ulkeler-nerelerdir\/#primaryimage\"},\"thumbnailUrl\":\"https:\/\/tr.emeyz.com\/wp-content\/uploads\/sites\/3\/2024\/01\/Almanlar-nereye-goc-ediyor-jpg-webp.webp\",\"datePublished\":\"2024-02-01T07:00:00+00:00\",\"dateModified\":\"2024-01-29T17:29:31+00:00\",\"description\":\"Bu makale, Almanlar\u0131n yurtd\u0131\u015f\u0131na g\u00f6\u00e7 etme sebeplerini ve pop\u00fcler destinasyonlar\u0131 inceliyor. Ayr\u0131ca, Alman g\u00f6\u00e7menlerin mesleki ya\u015famlar\u0131, ...\",\"breadcrumb\":{\"@id\":\"https:\/\/tr.emeyz.com\/almanlarin-en-cok-goc-etmek-istedikleri-ulkeler-nerelerdir\/#breadcrumb\"},\"inLanguage\":\"tr\",\"potentialAction\":[{\"@type\":\"ReadAction\",\"target\":[\"https:\/\/tr.emeyz.com\/almanlarin-en-cok-goc-etmek-istedikleri-ulkeler-nerelerdir\/\"]}]},{\"@type\":\"ImageObject\",\"inLanguage\":\"tr\",\"@id\":\"https:\/\/tr.emeyz.com\/almanlarin-en-cok-goc-etmek-istedikleri-ulkeler-nerelerdir\/#primaryimage\",\"url\":\"https:\/\/tr.emeyz.com\/wp-content\/uploads\/sites\/3\/2024\/01\/Almanlar-nereye-goc-ediyor-jpg-webp.webp\",\"contentUrl\":\"https:\/\/tr.emeyz.com\/wp-content\/uploads\/sites\/3\/2024\/01\/Almanlar-nereye-goc-ediyor-jpg-webp.webp\",\"width\":740,\"height\":620},{\"@type\":\"BreadcrumbList\",\"@id\":\"https:\/\/tr.emeyz.com\/almanlarin-en-cok-goc-etmek-istedikleri-ulkeler-nerelerdir\/#breadcrumb\",\"itemListElement\":[{\"@type\":\"ListItem\",\"position\":1,\"name\":\"Anasayfa\",\"item\":\"https:\/\/tr.emeyz.com\/\"},{\"@type\":\"ListItem\",\"position\":2,\"name\":\"Almanlar\u0131n en \u00e7ok g\u00f6\u00e7 etmek istedikleri \u00fclkeler nerelerdir ?\"}]},{\"@type\":\"WebSite\",\"@id\":\"https:\/\/tr.emeyz.com\/#website\",\"url\":\"https:\/\/tr.emeyz.com\/\",\"name\":\"Emeyz\",\"description\":\"Bilgi Payla\u015f\u0131m Blo\u011fu\",\"publisher\":{\"@id\":\"https:\/\/tr.emeyz.com\/#\/schema\/person\/c6761aab1b92a1001df9730f3575628f\"},\"potentialAction\":[{\"@type\":\"SearchAction\",\"target\":{\"@type\":\"EntryPoint\",\"urlTemplate\":\"https:\/\/tr.emeyz.com\/?s={search_term_string}\"},\"query-input\":\"required name=search_term_string\"}],\"inLanguage\":\"tr\"},{\"@type\":[\"Person\",\"Organization\"],\"@id\":\"https:\/\/tr.emeyz.com\/#\/schema\/person\/c6761aab1b92a1001df9730f3575628f\",\"name\":\"emeyz\",\"image\":{\"@type\":\"ImageObject\",\"inLanguage\":\"tr\",\"@id\":\"https:\/\/tr.emeyz.com\/#\/schema\/person\/image\/\",\"url\":\"https:\/\/tr.emeyz.com\/wp-content\/uploads\/sites\/3\/2024\/01\/emeyz-com-logo.png\",\"contentUrl\":\"https:\/\/tr.emeyz.com\/wp-content\/uploads\/sites\/3\/2024\/01\/emeyz-com-logo.png\",\"width\":225,\"height\":75,\"caption\":\"emeyz\"},\"logo\":{\"@id\":\"https:\/\/tr.emeyz.com\/#\/schema\/person\/image\/\"},\"sameAs\":[\"https:\/\/emeyz.com\"],\"url\":\"https:\/\/tr.emeyz.com\/author\/emeyz\/\"}]}<\/script>\n<!-- \/ Yoast SEO plugin. -->","yoast_head_json":{"title":"Almanlar\u0131n en \u00e7ok g\u00f6\u00e7 etmek istedikleri \u00fclkeler nerelerdir - Emeyz - Bilgiye A\u00e7\u0131lan Kap\u0131n\u0131z","description":"Bu makale, Almanlar\u0131n yurtd\u0131\u015f\u0131na g\u00f6\u00e7 etme sebeplerini ve pop\u00fcler destinasyonlar\u0131 inceliyor. Ayr\u0131ca, Alman g\u00f6\u00e7menlerin mesleki ya\u015famlar\u0131, ...","robots":{"index":"index","follow":"follow","max-snippet":"max-snippet:-1","max-image-preview":"max-image-preview:large","max-video-preview":"max-video-preview:-1"},"canonical":"https:\/\/tr.emeyz.com\/almanlarin-en-cok-goc-etmek-istedikleri-ulkeler-nerelerdir\/","og_locale":"tr_TR","og_type":"article","og_title":"Almanlar\u0131n en \u00e7ok g\u00f6\u00e7 etmek istedikleri \u00fclkeler nerelerdir - Emeyz - Bilgiye A\u00e7\u0131lan Kap\u0131n\u0131z","og_description":"Bu makale, Almanlar\u0131n yurtd\u0131\u015f\u0131na g\u00f6\u00e7 etme sebeplerini ve pop\u00fcler destinasyonlar\u0131 inceliyor. Ayr\u0131ca, Alman g\u00f6\u00e7menlerin mesleki ya\u015famlar\u0131, ...","og_url":"https:\/\/tr.emeyz.com\/almanlarin-en-cok-goc-etmek-istedikleri-ulkeler-nerelerdir\/","og_site_name":"Emeyz - Bilgiye A\u00e7\u0131lan Kap\u0131n\u0131z","article_published_time":"2024-02-01T07:00:00+00:00","article_modified_time":"2024-01-29T17:29:31+00:00","og_image":[{"width":740,"height":620,"url":"https:\/\/tr.emeyz.com\/wp-content\/uploads\/sites\/3\/2024\/01\/Almanlar-nereye-goc-ediyor-jpg-webp.webp","type":"image\/jpeg"}],"author":"emeyz","twitter_card":"summary_large_image","twitter_misc":{"Yazan:":"emeyz","Tahmini okuma s\u00fcresi":"3 dakika"},"schema":{"@context":"https:\/\/schema.org","@graph":[{"@type":"Article","@id":"https:\/\/tr.emeyz.com\/almanlarin-en-cok-goc-etmek-istedikleri-ulkeler-nerelerdir\/#article","isPartOf":{"@id":"https:\/\/tr.emeyz.com\/almanlarin-en-cok-goc-etmek-istedikleri-ulkeler-nerelerdir\/"},"author":{"name":"emeyz","@id":"https:\/\/tr.emeyz.com\/#\/schema\/person\/c6761aab1b92a1001df9730f3575628f"},"headline":"Almanlar\u0131n en \u00e7ok g\u00f6\u00e7 etmek istedikleri \u00fclkeler nerelerdir ?","datePublished":"2024-02-01T07:00:00+00:00","dateModified":"2024-01-29T17:29:31+00:00","mainEntityOfPage":{"@id":"https:\/\/tr.emeyz.com\/almanlarin-en-cok-goc-etmek-istedikleri-ulkeler-nerelerdir\/"},"wordCount":692,"commentCount":0,"publisher":{"@id":"https:\/\/tr.emeyz.com\/#\/schema\/person\/c6761aab1b92a1001df9730f3575628f"},"image":{"@id":"https:\/\/tr.emeyz.com\/almanlarin-en-cok-goc-etmek-istedikleri-ulkeler-nerelerdir\/#primaryimage"},"thumbnailUrl":"https:\/\/tr.emeyz.com\/wp-content\/uploads\/sites\/3\/2024\/01\/Almanlar-nereye-goc-ediyor-jpg-webp.webp","keywords":["Alman g\u00f6\u00e7menler","G\u00f6\u00e7 destinasyonlar\u0131","Yurtd\u0131\u015f\u0131 ya\u015fam tarzlar\u0131"],"articleSection":["Kariyer ve Para","Makale","Ya\u015fam Tarz\u0131"],"inLanguage":"tr","potentialAction":[{"@type":"CommentAction","name":"Comment","target":["https:\/\/tr.emeyz.com\/almanlarin-en-cok-goc-etmek-istedikleri-ulkeler-nerelerdir\/#respond"]}]},{"@type":"WebPage","@id":"https:\/\/tr.emeyz.com\/almanlarin-en-cok-goc-etmek-istedikleri-ulkeler-nerelerdir\/","url":"https:\/\/tr.emeyz.com\/almanlarin-en-cok-goc-etmek-istedikleri-ulkeler-nerelerdir\/","name":"Almanlar\u0131n en \u00e7ok g\u00f6\u00e7 etmek istedikleri \u00fclkeler nerelerdir - Emeyz - Bilgiye A\u00e7\u0131lan Kap\u0131n\u0131z","isPartOf":{"@id":"https:\/\/tr.emeyz.com\/#website"},"primaryImageOfPage":{"@id":"https:\/\/tr.emeyz.com\/almanlarin-en-cok-goc-etmek-istedikleri-ulkeler-nerelerdir\/#primaryimage"},"image":{"@id":"https:\/\/tr.emeyz.com\/almanlarin-en-cok-goc-etmek-istedikleri-ulkeler-nerelerdir\/#primaryimage"},"thumbnailUrl":"https:\/\/tr.emeyz.com\/wp-content\/uploads\/sites\/3\/2024\/01\/Almanlar-nereye-goc-ediyor-jpg-webp.webp","datePublished":"2024-02-01T07:00:00+00:00","dateModified":"2024-01-29T17:29:31+00:00","description":"Bu makale, Almanlar\u0131n yurtd\u0131\u015f\u0131na g\u00f6\u00e7 etme sebeplerini ve pop\u00fcler destinasyonlar\u0131 inceliyor. Ayr\u0131ca, Alman g\u00f6\u00e7menlerin mesleki ya\u015famlar\u0131, ...","breadcrumb":{"@id":"https:\/\/tr.emeyz.com\/almanlarin-en-cok-goc-etmek-istedikleri-ulkeler-nerelerdir\/#breadcrumb"},"inLanguage":"tr","potentialAction":[{"@type":"ReadAction","target":["https:\/\/tr.emeyz.com\/almanlarin-en-cok-goc-etmek-istedikleri-ulkeler-nerelerdir\/"]}]},{"@type":"ImageObject","inLanguage":"tr","@id":"https:\/\/tr.emeyz.com\/almanlarin-en-cok-goc-etmek-istedikleri-ulkeler-nerelerdir\/#primaryimage","url":"https:\/\/tr.emeyz.com\/wp-content\/uploads\/sites\/3\/2024\/01\/Almanlar-nereye-goc-ediyor-jpg-webp.webp","contentUrl":"https:\/\/tr.emeyz.com\/wp-content\/uploads\/sites\/3\/2024\/01\/Almanlar-nereye-goc-ediyor-jpg-webp.webp","width":740,"height":620},{"@type":"BreadcrumbList","@id":"https:\/\/tr.emeyz.com\/almanlarin-en-cok-goc-etmek-istedikleri-ulkeler-nerelerdir\/#breadcrumb","itemListElement":[{"@type":"ListItem","position":1,"name":"Anasayfa","item":"https:\/\/tr.emeyz.com\/"},{"@type":"ListItem","position":2,"name":"Almanlar\u0131n en \u00e7ok g\u00f6\u00e7 etmek istedikleri \u00fclkeler nerelerdir ?"}]},{"@type":"WebSite","@id":"https:\/\/tr.emeyz.com\/#website","url":"https:\/\/tr.emeyz.com\/","name":"Emeyz","description":"Bilgi Payla\u015f\u0131m Blo\u011fu","publisher":{"@id":"https:\/\/tr.emeyz.com\/#\/schema\/person\/c6761aab1b92a1001df9730f3575628f"},"potentialAction":[{"@type":"SearchAction","target":{"@type":"EntryPoint","urlTemplate":"https:\/\/tr.emeyz.com\/?s={search_term_string}"},"query-input":"required name=search_term_string"}],"inLanguage":"tr"},{"@type":["Person","Organization"],"@id":"https:\/\/tr.emeyz.com\/#\/schema\/person\/c6761aab1b92a1001df9730f3575628f","name":"emeyz","image":{"@type":"ImageObject","inLanguage":"tr","@id":"https:\/\/tr.emeyz.com\/#\/schema\/person\/image\/","url":"https:\/\/tr.emeyz.com\/wp-content\/uploads\/sites\/3\/2024\/01\/emeyz-com-logo.png","contentUrl":"https:\/\/tr.emeyz.com\/wp-content\/uploads\/sites\/3\/2024\/01\/emeyz-com-logo.png","width":225,"height":75,"caption":"emeyz"},"logo":{"@id":"https:\/\/tr.emeyz.com\/#\/schema\/person\/image\/"},"sameAs":["https:\/\/emeyz.com"],"url":"https:\/\/tr.emeyz.com\/author\/emeyz\/"}]}},"_links":{"self":[{"href":"https:\/\/tr.emeyz.com\/api\/wp\/v2\/posts\/588"}],"collection":[{"href":"https:\/\/tr.emeyz.com\/api\/wp\/v2\/posts"}],"about":[{"href":"https:\/\/tr.emeyz.com\/api\/wp\/v2\/types\/post"}],"author":[{"embeddable":true,"href":"https:\/\/tr.emeyz.com\/api\/wp\/v2\/users\/2"}],"replies":[{"embeddable":true,"href":"https:\/\/tr.emeyz.com\/api\/wp\/v2\/comments?post=588"}],"version-history":[{"count":0,"href":"https:\/\/tr.emeyz.com\/api\/wp\/v2\/posts\/588\/revisions"}],"wp:featuredmedia":[{"embeddable":true,"href":"https:\/\/tr.emeyz.com\/api\/wp\/v2\/media\/635"}],"wp:attachment":[{"href":"https:\/\/tr.emeyz.com\/api\/wp\/v2\/media?parent=588"}],"wp:term":[{"taxonomy":"category","embeddable":true,"href":"https:\/\/tr.emeyz.com\/api\/wp\/v2\/categories?post=588"},{"taxonomy":"post_tag","embeddable":true,"href":"https:\/\/tr.emeyz.com\/api\/wp\/v2\/tags?post=588"}],"curies":[{"name":"wp","href":"https:\/\/api.w.org\/{rel}","templated":true}]}}