{"id":270,"date":"2024-01-26T15:00:00","date_gmt":"2024-01-26T12:00:00","guid":{"rendered":"https:\/\/emeyz.com\/?p=270"},"modified":"2024-01-29T20:27:21","modified_gmt":"2024-01-29T17:27:21","slug":"dilekce-kime-neden-ve-nasil-yazilir","status":"publish","type":"post","link":"https:\/\/tr.emeyz.com\/dilekce-kime-neden-ve-nasil-yazilir\/","title":{"rendered":"Dilek\u00e7e kime, neden ve nas\u0131l yaz\u0131l\u0131r?"},"content":{"rendered":"\n<p>Dilek\u00e7e, bireylerin resmi ya da \u00f6zel kurum ve kurulu\u015flara istek, \u015fikayet ya da \u00f6nerilerini iletmek amac\u0131yla yazd\u0131klar\u0131 resmi bir yaz\u0131 t\u00fcr\u00fcd\u00fcr. Genellikle resmi i\u015flemler, \u00f6\u011frenci i\u015fleri, hizmet talepleri gibi durumlar i\u00e7in kullan\u0131l\u0131r. \u0130yi bir dilek\u00e7e, amac\u0131n\u0131za ula\u015fman\u0131zda \u00f6nemli bir ara\u00e7 olabilir. Peki dilek\u00e7e kime, neden ve nas\u0131l yaz\u0131l\u0131r? \u0130\u015fte ad\u0131m ad\u0131m bir rehber:<\/p>\n\n\n\n<h2 class=\"wp-block-heading\">Dilek\u00e7e kime yaz\u0131l\u0131r?<\/h2>\n\n\n\n<p>Dilek\u00e7e yaz\u0131lacak merci, dilek\u00e7enin amac\u0131na g\u00f6re de\u011fi\u015fir. \u00d6rne\u011fin, bir \u00fcniversite \u00f6\u011frencisi ders de\u011fi\u015fikli\u011fi istiyorsa, ilgili fak\u00fcltenin dekanl\u0131\u011f\u0131na; bir vatanda\u015f mahallesindeki bir sorunu bildirmek istiyorsa, ilgili belediyeye dilek\u00e7e yazar. Burada \u00f6nemli olan, dilek\u00e7enin do\u011fru adrese ve yetkili ki\u015fiye ula\u015fmas\u0131n\u0131 sa\u011flamakt\u0131r.<\/p>\n\n\n\n<h2 class=\"wp-block-heading\">Neden dilek\u00e7e yaz\u0131l\u0131r?<\/h2>\n\n\n\n<p>Dilek\u00e7eler genellikle bir istek, \u015fikayet veya \u00f6neri bildirmek i\u00e7in yaz\u0131l\u0131r. \u00d6rne\u011fin, bir hizmetin iyile\u015ftirilmesi i\u00e7in \u00f6neride bulunmak, bir haks\u0131zl\u0131k veya eksiklik hakk\u0131nda \u015fikayet etmek, bir belge talebi gibi \u00e7e\u015fitli nedenlerle dilek\u00e7e yaz\u0131labilir.<\/p>\n\n\n\n<h2 class=\"wp-block-heading\">Dilek\u00e7e nas\u0131l yaz\u0131l\u0131r?<\/h2>\n\n\n\n<h4 class=\"wp-block-heading\">Ad\u0131m ad\u0131m dilek\u00e7e yazmak<\/h4>\n\n\n\n<ol>\n<li><strong>Ba\u015fl\u0131k<\/strong>: Dilek\u00e7enin en \u00fcst\u00fcnde, genellikle ortalanm\u0131\u015f bir \u015fekilde, &#8220;Dilek\u00e7e&#8221; kelimesi yaz\u0131l\u0131r.<\/li>\n\n\n\n<li><strong>Hitap<\/strong>: Dilek\u00e7e yaz\u0131lan kurum veya ki\u015fiye do\u011fru hitap \u015fekliyle ba\u015flan\u0131r. \u00d6rne\u011fin, &#8220;Say\u0131n M\u00fcd\u00fcr\u00fcm,&#8221; gibi resmi bir hitap kullan\u0131l\u0131r.<\/li>\n\n\n\n<li><strong>Kimlik Bilgileri<\/strong>: Dilek\u00e7e yazan ki\u015finin ad\u0131, soyad\u0131, adresi ve ileti\u015fim bilgileri belirtilir. B\u00f6ylece kimden geldi\u011fi ve nas\u0131l ula\u015f\u0131laca\u011f\u0131 a\u00e7\u0131k\u00e7a anla\u015f\u0131l\u0131r.<\/li>\n\n\n\n<li><strong>Konu<\/strong>: Dilek\u00e7enin konusunu a\u00e7\u0131k ve net bir \u015fekilde belirtin. &#8220;Konu: \u0130zin Talebi&#8221; gibi k\u0131sa ve \u00f6z bir ifade kullan\u0131labilir.<\/li>\n\n\n\n<li><strong>A\u00e7\u0131klama<\/strong>: Dilek\u00e7enin amac\u0131n\u0131 a\u00e7\u0131klayan k\u0131s\u0131m. Burada, istek, \u015fikayet veya \u00f6neriniz detayl\u0131 bir \u015fekilde anlat\u0131l\u0131r. \u00d6nemli olan, net, anla\u015f\u0131l\u0131r ve k\u0131sa paragraflar halinde yazmakt\u0131r.<\/li>\n\n\n\n<li><strong>Talep veya \u00d6neri<\/strong>: A\u00e7\u0131klama k\u0131sm\u0131ndan sonra, ne istendi\u011fi veya ne \u00f6nerildi\u011fi a\u00e7\u0131k\u00e7a yaz\u0131lmal\u0131d\u0131r.<\/li>\n\n\n\n<li><strong>Tarih ve \u0130mza<\/strong>: Dilek\u00e7enin sonunda, yaz\u0131ld\u0131\u011f\u0131 tarih ve dilek\u00e7e sahibinin imzas\u0131 yer al\u0131r.<\/li>\n\n\n\n<li><strong>Ekler<\/strong>: E\u011fer dilek\u00e7e ile birlikte ba\u015fka belgeler de sunulacaksa, bu belgelerin listesi &#8220;Ekler&#8221; ba\u015fl\u0131\u011f\u0131 alt\u0131nda belirtilir.<\/li>\n<\/ol>\n\n\n\n<h3 class=\"wp-block-heading\">Son bir ka\u00e7 \u00f6neri daha<\/h3>\n\n\n\n<ul>\n<li><strong>Resmi Dili Kullan\u0131n<\/strong>: Dilek\u00e7e, resmi bir yaz\u0131 t\u00fcr\u00fc oldu\u011fu i\u00e7in dilin resmi ve ciddi olmas\u0131na \u00f6zen g\u00f6sterilmelidir.<\/li>\n\n\n\n<li><strong>Okunakl\u0131 ve Anla\u015f\u0131l\u0131r Olmal\u0131<\/strong>: Yaz\u0131 stilinizin ve dilek\u00e7e d\u00fczeninizin okunakl\u0131 ve anla\u015f\u0131l\u0131r olmas\u0131 \u00f6nemlidir.<\/li>\n\n\n\n<li><strong>Do\u011fru Bilgi Verin<\/strong>: Yanl\u0131\u015f bilgi vermek, talebinizin reddedilmesine neden olabilir.<\/li>\n<\/ul>\n\n\n\n<p>Dilek\u00e7e yazmak, haklar\u0131n\u0131z\u0131 arama ve resmi i\u015flemlerinizi y\u00fcr\u00fctme s\u00fcrecinde \u00f6nemli bir ara\u00e7t\u0131r. Bu nedenle, dilek\u00e7enizi dikkatli ve d\u00fczg\u00fcn bir \u015fekilde haz\u0131rlaman\u0131z, amac\u0131n\u0131za ula\u015fman\u0131zda b\u00fcy\u00fck bir fark yaratabilir.<\/p>\n","protected":false},"excerpt":{"rendered":"<p>Dilek\u00e7e, bireylerin resmi ya da \u00f6zel kurum ve kurulu\u015flara istek, \u015fikayet ya da \u00f6nerilerini iletmek amac\u0131yla yazd\u0131klar\u0131 resmi bir yaz\u0131 [&hellip;]<\/p>\n","protected":false},"author":2,"featured_media":640,"comment_status":"open","ping_status":"open","sticky":false,"template":"","format":"standard","meta":{"_acf_changed":false,"site-sidebar-layout":"default","site-content-layout":"","ast-site-content-layout":"","site-content-style":"default","site-sidebar-style":"default","ast-global-header-display":"","ast-banner-title-visibility":"","ast-main-header-display":"","ast-hfb-above-header-display":"","ast-hfb-below-header-display":"","ast-hfb-mobile-header-display":"","site-post-title":"","ast-breadcrumbs-content":"","ast-featured-img":"","footer-sml-layout":"","theme-transparent-header-meta":"","adv-header-id-meta":"","stick-header-meta":"","header-above-stick-meta":"","header-main-stick-meta":"","header-below-stick-meta":"","astra-migrate-meta-layouts":"default","ast-page-background-enabled":"default","ast-page-background-meta":{"desktop":{"background-color":"var(--ast-global-color-4)","background-image":"","background-repeat":"repeat","background-position":"center center","background-size":"auto","background-attachment":"scroll","background-type":"","background-media":"","overlay-type":"","overlay-color":"","overlay-gradient":""},"tablet":{"background-color":"","background-image":"","background-repeat":"repeat","background-position":"center center","background-size":"auto","background-attachment":"scroll","background-type":"","background-media":"","overlay-type":"","overlay-color":"","overlay-gradient":""},"mobile":{"background-color":"","background-image":"","background-repeat":"repeat","background-position":"center center","background-size":"auto","background-attachment":"scroll","background-type":"","background-media":"","overlay-type":"","overlay-color":"","overlay-gradient":""}},"ast-content-background-meta":{"desktop":{"background-color":"var(--ast-global-color-5)","background-image":"","background-repeat":"repeat","background-position":"center center","background-size":"auto","background-attachment":"scroll","background-type":"","background-media":"","overlay-type":"","overlay-color":"","overlay-gradient":""},"tablet":{"background-color":"var(--ast-global-color-5)","background-image":"","background-repeat":"repeat","background-position":"center center","background-size":"auto","background-attachment":"scroll","background-type":"","background-media":"","overlay-type":"","overlay-color":"","overlay-gradient":""},"mobile":{"background-color":"var(--ast-global-color-5)","background-image":"","background-repeat":"repeat","background-position":"center center","background-size":"auto","background-attachment":"scroll","background-type":"","background-media":"","overlay-type":"","overlay-color":"","overlay-gradient":""}},"footnotes":""},"categories":[50,1,2],"tags":[53,54,55],"acf":[],"yoast_head":"<!-- This site is optimized with the Yoast SEO plugin v22.8 - https:\/\/yoast.com\/wordpress\/plugins\/seo\/ -->\n<title>Dilek\u00e7e kime, neden ve nas\u0131l yaz\u0131l\u0131r? - Emeyz - Bilgiye A\u00e7\u0131lan Kap\u0131n\u0131z<\/title>\n<meta name=\"description\" content=\"Dilek\u00e7e kime, neden ve nas\u0131l yaz\u0131l\u0131r? Nas\u0131l Yap\u0131l\u0131r\" \/>\n<meta name=\"robots\" content=\"index, follow, max-snippet:-1, max-image-preview:large, max-video-preview:-1\" \/>\n<link rel=\"canonical\" href=\"https:\/\/tr.emeyz.com\/dilekce-kime-neden-ve-nasil-yazilir\/\" \/>\n<meta property=\"og:locale\" content=\"tr_TR\" \/>\n<meta property=\"og:type\" content=\"article\" \/>\n<meta property=\"og:title\" content=\"Dilek\u00e7e kime, neden ve nas\u0131l yaz\u0131l\u0131r? - Emeyz - Bilgiye A\u00e7\u0131lan Kap\u0131n\u0131z\" \/>\n<meta property=\"og:description\" content=\"Dilek\u00e7e kime, neden ve nas\u0131l yaz\u0131l\u0131r? Nas\u0131l Yap\u0131l\u0131r\" \/>\n<meta property=\"og:url\" content=\"https:\/\/tr.emeyz.com\/dilekce-kime-neden-ve-nasil-yazilir\/\" \/>\n<meta property=\"og:site_name\" content=\"Emeyz - Bilgiye A\u00e7\u0131lan Kap\u0131n\u0131z\" \/>\n<meta property=\"article:published_time\" content=\"2024-01-26T12:00:00+00:00\" \/>\n<meta property=\"article:modified_time\" content=\"2024-01-29T17:27:21+00:00\" \/>\n<meta property=\"og:image\" content=\"https:\/\/tr.emeyz.com\/wp-content\/uploads\/sites\/3\/2024\/01\/Dilekce-Nasil-Yazilir-jpg-webp.webp\" \/>\n\t<meta property=\"og:image:width\" content=\"800\" \/>\n\t<meta property=\"og:image:height\" content=\"540\" \/>\n\t<meta property=\"og:image:type\" content=\"image\/jpeg\" \/>\n<meta name=\"author\" content=\"emeyz\" \/>\n<meta name=\"twitter:card\" content=\"summary_large_image\" \/>\n<meta name=\"twitter:label1\" content=\"Yazan:\" \/>\n\t<meta name=\"twitter:data1\" content=\"emeyz\" \/>\n\t<meta name=\"twitter:label2\" content=\"Tahmini okuma s\u00fcresi\" \/>\n\t<meta name=\"twitter:data2\" content=\"3 dakika\" \/>\n<script type=\"application\/ld+json\" class=\"yoast-schema-graph\">{\"@context\":\"https:\/\/schema.org\",\"@graph\":[{\"@type\":\"Article\",\"@id\":\"https:\/\/tr.emeyz.com\/dilekce-kime-neden-ve-nasil-yazilir\/#article\",\"isPartOf\":{\"@id\":\"https:\/\/tr.emeyz.com\/dilekce-kime-neden-ve-nasil-yazilir\/\"},\"author\":{\"name\":\"emeyz\",\"@id\":\"https:\/\/tr.emeyz.com\/#\/schema\/person\/c6761aab1b92a1001df9730f3575628f\"},\"headline\":\"Dilek\u00e7e kime, neden ve nas\u0131l yaz\u0131l\u0131r?\",\"datePublished\":\"2024-01-26T12:00:00+00:00\",\"dateModified\":\"2024-01-29T17:27:21+00:00\",\"mainEntityOfPage\":{\"@id\":\"https:\/\/tr.emeyz.com\/dilekce-kime-neden-ve-nasil-yazilir\/\"},\"wordCount\":523,\"commentCount\":0,\"publisher\":{\"@id\":\"https:\/\/tr.emeyz.com\/#\/schema\/person\/c6761aab1b92a1001df9730f3575628f\"},\"image\":{\"@id\":\"https:\/\/tr.emeyz.com\/dilekce-kime-neden-ve-nasil-yazilir\/#primaryimage\"},\"thumbnailUrl\":\"https:\/\/tr.emeyz.com\/wp-content\/uploads\/sites\/3\/2024\/01\/Dilekce-Nasil-Yazilir-jpg-webp.webp\",\"keywords\":[\"dilek\u00e7e nas\u0131l yaz\u0131l\u0131r\",\"dilek\u00e7e nereye yaz\u0131l\u0131r\",\"dilek\u00e7e \u00f6rne\u011fi\"],\"articleSection\":[\"E\u011fitim\",\"Makale\",\"Nas\u0131l Yap\u0131l\u0131r\"],\"inLanguage\":\"tr\",\"potentialAction\":[{\"@type\":\"CommentAction\",\"name\":\"Comment\",\"target\":[\"https:\/\/tr.emeyz.com\/dilekce-kime-neden-ve-nasil-yazilir\/#respond\"]}]},{\"@type\":\"WebPage\",\"@id\":\"https:\/\/tr.emeyz.com\/dilekce-kime-neden-ve-nasil-yazilir\/\",\"url\":\"https:\/\/tr.emeyz.com\/dilekce-kime-neden-ve-nasil-yazilir\/\",\"name\":\"Dilek\u00e7e kime, neden ve nas\u0131l yaz\u0131l\u0131r? - Emeyz - Bilgiye A\u00e7\u0131lan Kap\u0131n\u0131z\",\"isPartOf\":{\"@id\":\"https:\/\/tr.emeyz.com\/#website\"},\"primaryImageOfPage\":{\"@id\":\"https:\/\/tr.emeyz.com\/dilekce-kime-neden-ve-nasil-yazilir\/#primaryimage\"},\"image\":{\"@id\":\"https:\/\/tr.emeyz.com\/dilekce-kime-neden-ve-nasil-yazilir\/#primaryimage\"},\"thumbnailUrl\":\"https:\/\/tr.emeyz.com\/wp-content\/uploads\/sites\/3\/2024\/01\/Dilekce-Nasil-Yazilir-jpg-webp.webp\",\"datePublished\":\"2024-01-26T12:00:00+00:00\",\"dateModified\":\"2024-01-29T17:27:21+00:00\",\"description\":\"Dilek\u00e7e kime, neden ve nas\u0131l yaz\u0131l\u0131r? Nas\u0131l Yap\u0131l\u0131r\",\"breadcrumb\":{\"@id\":\"https:\/\/tr.emeyz.com\/dilekce-kime-neden-ve-nasil-yazilir\/#breadcrumb\"},\"inLanguage\":\"tr\",\"potentialAction\":[{\"@type\":\"ReadAction\",\"target\":[\"https:\/\/tr.emeyz.com\/dilekce-kime-neden-ve-nasil-yazilir\/\"]}]},{\"@type\":\"ImageObject\",\"inLanguage\":\"tr\",\"@id\":\"https:\/\/tr.emeyz.com\/dilekce-kime-neden-ve-nasil-yazilir\/#primaryimage\",\"url\":\"https:\/\/tr.emeyz.com\/wp-content\/uploads\/sites\/3\/2024\/01\/Dilekce-Nasil-Yazilir-jpg-webp.webp\",\"contentUrl\":\"https:\/\/tr.emeyz.com\/wp-content\/uploads\/sites\/3\/2024\/01\/Dilekce-Nasil-Yazilir-jpg-webp.webp\",\"width\":800,\"height\":540},{\"@type\":\"BreadcrumbList\",\"@id\":\"https:\/\/tr.emeyz.com\/dilekce-kime-neden-ve-nasil-yazilir\/#breadcrumb\",\"itemListElement\":[{\"@type\":\"ListItem\",\"position\":1,\"name\":\"Anasayfa\",\"item\":\"https:\/\/tr.emeyz.com\/\"},{\"@type\":\"ListItem\",\"position\":2,\"name\":\"Dilek\u00e7e kime, neden ve nas\u0131l yaz\u0131l\u0131r?\"}]},{\"@type\":\"WebSite\",\"@id\":\"https:\/\/tr.emeyz.com\/#website\",\"url\":\"https:\/\/tr.emeyz.com\/\",\"name\":\"Emeyz\",\"description\":\"Bilgi Payla\u015f\u0131m Blo\u011fu\",\"publisher\":{\"@id\":\"https:\/\/tr.emeyz.com\/#\/schema\/person\/c6761aab1b92a1001df9730f3575628f\"},\"potentialAction\":[{\"@type\":\"SearchAction\",\"target\":{\"@type\":\"EntryPoint\",\"urlTemplate\":\"https:\/\/tr.emeyz.com\/?s={search_term_string}\"},\"query-input\":\"required name=search_term_string\"}],\"inLanguage\":\"tr\"},{\"@type\":[\"Person\",\"Organization\"],\"@id\":\"https:\/\/tr.emeyz.com\/#\/schema\/person\/c6761aab1b92a1001df9730f3575628f\",\"name\":\"emeyz\",\"image\":{\"@type\":\"ImageObject\",\"inLanguage\":\"tr\",\"@id\":\"https:\/\/tr.emeyz.com\/#\/schema\/person\/image\/\",\"url\":\"https:\/\/tr.emeyz.com\/wp-content\/uploads\/sites\/3\/2024\/01\/emeyz-com-logo.png\",\"contentUrl\":\"https:\/\/tr.emeyz.com\/wp-content\/uploads\/sites\/3\/2024\/01\/emeyz-com-logo.png\",\"width\":225,\"height\":75,\"caption\":\"emeyz\"},\"logo\":{\"@id\":\"https:\/\/tr.emeyz.com\/#\/schema\/person\/image\/\"},\"sameAs\":[\"https:\/\/emeyz.com\"],\"url\":\"https:\/\/tr.emeyz.com\/author\/emeyz\/\"}]}<\/script>\n<!-- \/ Yoast SEO plugin. -->","yoast_head_json":{"title":"Dilek\u00e7e kime, neden ve nas\u0131l yaz\u0131l\u0131r? - Emeyz - Bilgiye A\u00e7\u0131lan Kap\u0131n\u0131z","description":"Dilek\u00e7e kime, neden ve nas\u0131l yaz\u0131l\u0131r? Nas\u0131l Yap\u0131l\u0131r","robots":{"index":"index","follow":"follow","max-snippet":"max-snippet:-1","max-image-preview":"max-image-preview:large","max-video-preview":"max-video-preview:-1"},"canonical":"https:\/\/tr.emeyz.com\/dilekce-kime-neden-ve-nasil-yazilir\/","og_locale":"tr_TR","og_type":"article","og_title":"Dilek\u00e7e kime, neden ve nas\u0131l yaz\u0131l\u0131r? - Emeyz - Bilgiye A\u00e7\u0131lan Kap\u0131n\u0131z","og_description":"Dilek\u00e7e kime, neden ve nas\u0131l yaz\u0131l\u0131r? Nas\u0131l Yap\u0131l\u0131r","og_url":"https:\/\/tr.emeyz.com\/dilekce-kime-neden-ve-nasil-yazilir\/","og_site_name":"Emeyz - Bilgiye A\u00e7\u0131lan Kap\u0131n\u0131z","article_published_time":"2024-01-26T12:00:00+00:00","article_modified_time":"2024-01-29T17:27:21+00:00","og_image":[{"width":800,"height":540,"url":"https:\/\/tr.emeyz.com\/wp-content\/uploads\/sites\/3\/2024\/01\/Dilekce-Nasil-Yazilir-jpg-webp.webp","type":"image\/jpeg"}],"author":"emeyz","twitter_card":"summary_large_image","twitter_misc":{"Yazan:":"emeyz","Tahmini okuma s\u00fcresi":"3 dakika"},"schema":{"@context":"https:\/\/schema.org","@graph":[{"@type":"Article","@id":"https:\/\/tr.emeyz.com\/dilekce-kime-neden-ve-nasil-yazilir\/#article","isPartOf":{"@id":"https:\/\/tr.emeyz.com\/dilekce-kime-neden-ve-nasil-yazilir\/"},"author":{"name":"emeyz","@id":"https:\/\/tr.emeyz.com\/#\/schema\/person\/c6761aab1b92a1001df9730f3575628f"},"headline":"Dilek\u00e7e kime, neden ve nas\u0131l yaz\u0131l\u0131r?","datePublished":"2024-01-26T12:00:00+00:00","dateModified":"2024-01-29T17:27:21+00:00","mainEntityOfPage":{"@id":"https:\/\/tr.emeyz.com\/dilekce-kime-neden-ve-nasil-yazilir\/"},"wordCount":523,"commentCount":0,"publisher":{"@id":"https:\/\/tr.emeyz.com\/#\/schema\/person\/c6761aab1b92a1001df9730f3575628f"},"image":{"@id":"https:\/\/tr.emeyz.com\/dilekce-kime-neden-ve-nasil-yazilir\/#primaryimage"},"thumbnailUrl":"https:\/\/tr.emeyz.com\/wp-content\/uploads\/sites\/3\/2024\/01\/Dilekce-Nasil-Yazilir-jpg-webp.webp","keywords":["dilek\u00e7e nas\u0131l yaz\u0131l\u0131r","dilek\u00e7e nereye yaz\u0131l\u0131r","dilek\u00e7e \u00f6rne\u011fi"],"articleSection":["E\u011fitim","Makale","Nas\u0131l Yap\u0131l\u0131r"],"inLanguage":"tr","potentialAction":[{"@type":"CommentAction","name":"Comment","target":["https:\/\/tr.emeyz.com\/dilekce-kime-neden-ve-nasil-yazilir\/#respond"]}]},{"@type":"WebPage","@id":"https:\/\/tr.emeyz.com\/dilekce-kime-neden-ve-nasil-yazilir\/","url":"https:\/\/tr.emeyz.com\/dilekce-kime-neden-ve-nasil-yazilir\/","name":"Dilek\u00e7e kime, neden ve nas\u0131l yaz\u0131l\u0131r? - Emeyz - Bilgiye A\u00e7\u0131lan Kap\u0131n\u0131z","isPartOf":{"@id":"https:\/\/tr.emeyz.com\/#website"},"primaryImageOfPage":{"@id":"https:\/\/tr.emeyz.com\/dilekce-kime-neden-ve-nasil-yazilir\/#primaryimage"},"image":{"@id":"https:\/\/tr.emeyz.com\/dilekce-kime-neden-ve-nasil-yazilir\/#primaryimage"},"thumbnailUrl":"https:\/\/tr.emeyz.com\/wp-content\/uploads\/sites\/3\/2024\/01\/Dilekce-Nasil-Yazilir-jpg-webp.webp","datePublished":"2024-01-26T12:00:00+00:00","dateModified":"2024-01-29T17:27:21+00:00","description":"Dilek\u00e7e kime, neden ve nas\u0131l yaz\u0131l\u0131r? Nas\u0131l Yap\u0131l\u0131r","breadcrumb":{"@id":"https:\/\/tr.emeyz.com\/dilekce-kime-neden-ve-nasil-yazilir\/#breadcrumb"},"inLanguage":"tr","potentialAction":[{"@type":"ReadAction","target":["https:\/\/tr.emeyz.com\/dilekce-kime-neden-ve-nasil-yazilir\/"]}]},{"@type":"ImageObject","inLanguage":"tr","@id":"https:\/\/tr.emeyz.com\/dilekce-kime-neden-ve-nasil-yazilir\/#primaryimage","url":"https:\/\/tr.emeyz.com\/wp-content\/uploads\/sites\/3\/2024\/01\/Dilekce-Nasil-Yazilir-jpg-webp.webp","contentUrl":"https:\/\/tr.emeyz.com\/wp-content\/uploads\/sites\/3\/2024\/01\/Dilekce-Nasil-Yazilir-jpg-webp.webp","width":800,"height":540},{"@type":"BreadcrumbList","@id":"https:\/\/tr.emeyz.com\/dilekce-kime-neden-ve-nasil-yazilir\/#breadcrumb","itemListElement":[{"@type":"ListItem","position":1,"name":"Anasayfa","item":"https:\/\/tr.emeyz.com\/"},{"@type":"ListItem","position":2,"name":"Dilek\u00e7e kime, neden ve nas\u0131l yaz\u0131l\u0131r?"}]},{"@type":"WebSite","@id":"https:\/\/tr.emeyz.com\/#website","url":"https:\/\/tr.emeyz.com\/","name":"Emeyz","description":"Bilgi Payla\u015f\u0131m Blo\u011fu","publisher":{"@id":"https:\/\/tr.emeyz.com\/#\/schema\/person\/c6761aab1b92a1001df9730f3575628f"},"potentialAction":[{"@type":"SearchAction","target":{"@type":"EntryPoint","urlTemplate":"https:\/\/tr.emeyz.com\/?s={search_term_string}"},"query-input":"required name=search_term_string"}],"inLanguage":"tr"},{"@type":["Person","Organization"],"@id":"https:\/\/tr.emeyz.com\/#\/schema\/person\/c6761aab1b92a1001df9730f3575628f","name":"emeyz","image":{"@type":"ImageObject","inLanguage":"tr","@id":"https:\/\/tr.emeyz.com\/#\/schema\/person\/image\/","url":"https:\/\/tr.emeyz.com\/wp-content\/uploads\/sites\/3\/2024\/01\/emeyz-com-logo.png","contentUrl":"https:\/\/tr.emeyz.com\/wp-content\/uploads\/sites\/3\/2024\/01\/emeyz-com-logo.png","width":225,"height":75,"caption":"emeyz"},"logo":{"@id":"https:\/\/tr.emeyz.com\/#\/schema\/person\/image\/"},"sameAs":["https:\/\/emeyz.com"],"url":"https:\/\/tr.emeyz.com\/author\/emeyz\/"}]}},"_links":{"self":[{"href":"https:\/\/tr.emeyz.com\/api\/wp\/v2\/posts\/270"}],"collection":[{"href":"https:\/\/tr.emeyz.com\/api\/wp\/v2\/posts"}],"about":[{"href":"https:\/\/tr.emeyz.com\/api\/wp\/v2\/types\/post"}],"author":[{"embeddable":true,"href":"https:\/\/tr.emeyz.com\/api\/wp\/v2\/users\/2"}],"replies":[{"embeddable":true,"href":"https:\/\/tr.emeyz.com\/api\/wp\/v2\/comments?post=270"}],"version-history":[{"count":0,"href":"https:\/\/tr.emeyz.com\/api\/wp\/v2\/posts\/270\/revisions"}],"wp:featuredmedia":[{"embeddable":true,"href":"https:\/\/tr.emeyz.com\/api\/wp\/v2\/media\/640"}],"wp:attachment":[{"href":"https:\/\/tr.emeyz.com\/api\/wp\/v2\/media?parent=270"}],"wp:term":[{"taxonomy":"category","embeddable":true,"href":"https:\/\/tr.emeyz.com\/api\/wp\/v2\/categories?post=270"},{"taxonomy":"post_tag","embeddable":true,"href":"https:\/\/tr.emeyz.com\/api\/wp\/v2\/tags?post=270"}],"curies":[{"name":"wp","href":"https:\/\/api.w.org\/{rel}","templated":true}]}}