{"id":138,"date":"2024-01-14T02:17:10","date_gmt":"2024-01-13T23:17:10","guid":{"rendered":"https:\/\/emeyz.com\/?p=138"},"modified":"2024-01-27T20:51:36","modified_gmt":"2024-01-27T17:51:36","slug":"turk-kahvesi-nasil-yapilir","status":"publish","type":"post","link":"https:\/\/tr.emeyz.com\/turk-kahvesi-nasil-yapilir\/","title":{"rendered":"T\u00fcrk kahvesi nas\u0131l yap\u0131l\u0131r?"},"content":{"rendered":"<h2>T\u00fcrk Kahvesi Nas\u0131l Yap\u0131l\u0131r?<\/h2>\n<p style=\"font-weight: 400;\">Merhaba arkada\u015flar. Bug\u00fcn ki yaz\u0131mda sizlere T\u00fcrk kahvesi nas\u0131l yap\u0131l\u0131r dan bahsedece\u011fim. \u00d6ncelikle kahvenin tarih\u00e7esine bakacak olursak k\u00f6keni Habe\u015fistan olarak g\u00f6r\u00fclse de oradan Yemen e ge\u00e7mi\u015f ve zamanla t\u00fcm orta do\u011funun yeni tad\u0131 ve g\u00f6zdesi haline gelmi\u015ftir. Tabi haliyle Osmanl\u0131 \u0130mparatorlu\u011funun da vazge\u00e7ilmezi olmu\u015ftur. Fakat bu tad\u0131ndan vazge\u00e7emedi\u011fimiz kahvenin Osmanl\u0131 \u0130mparatorlu\u011funun g\u00fcndemine nas\u0131l geldi\u011fi net olarak bilinmemesine ra\u011fmen \u00e7e\u015fitli birka\u00e7 hikayeden ibaret oldu\u011funu d\u00fc\u015f\u00fcnenlerimiz var tabi. Bu hikayelerden biri kahvenin 1554 y\u0131l\u0131nda Suriyeli birka\u00e7 giri\u015fimcinin \u0130stanbul a getirmesinden , bir di\u011feri ise 1517 y\u0131l\u0131nda Kanuni Sultan S\u00fcleyman d\u00f6neminde Yemen Valisi \u00d6zdemir Pa\u015fan\u0131n bu lezzeti tad\u0131p \u0130stanbul a getirmesinden olu\u015fmaktad\u0131r. Hangi hikayenin do\u011fru olup olmad\u0131\u011f\u0131ndan emin olmasam da emin oldu\u011fum tek bir \u015fey var oda T\u00fcrk kahvesinin ne denli lezzetli oldu\u011fu. Lakin \u015f\u00f6yle bir durumda vard\u0131r ki bu lezzeti ne yaz\u0131k ki herkes tutturam\u0131yor. \u0130\u015fte bu yaz\u0131m\u0131zda lezzetli T\u00fcrk kahvesi nas\u0131l yap\u0131l\u0131r, bol k\u00f6p\u00fckl\u00fc T\u00fcrk kahvesi nas\u0131l yap\u0131l\u0131r bunlardan bahsederek lezzetin tarifini gelecek nesillerimize aktaraca\u011f\u0131z.<\/p>\n<p style=\"font-weight: 400;\">T\u00fck kahvesi nas\u0131l pi\u015firilir anlatmaya ba\u015flamadan \u00f6nce gerekli malzemelerimizi haz\u0131rlayal\u0131m. \u0130lk olarak bir ate\u015f i\u00e7in oca\u011fa, bir adet cezveye, kar\u0131\u015ft\u0131rmak i\u00e7in \u00e7ay ka\u015f\u0131\u011f\u0131na, bir adet kahve fincan\u0131na, kalitesine g\u00fcvendi\u011fimiz suya ve olmazsa olmaz\u0131m\u0131z kahveye ihtiyac\u0131m\u0131z vard\u0131r. Gerekli malzemelerimizi haz\u0131rlad\u0131ysak kahvemizi yapmaya ba\u015flayal\u0131m. \u00d6ncelikle \u015funu bilmeliyiz ki ki\u015fi say\u0131s\u0131 de\u011fi\u015ftik\u00e7e T\u00fcrk kahvemizi yaparken kulland\u0131\u011f\u0131m\u0131z malzemelerimiz miktar\u0131 da de\u011fi\u015fiklik g\u00f6stermektedir. Biz bu ki\u015fi say\u0131s\u0131n\u0131 1 olarak baz alal\u0131m ve T\u00fcrk kahvemizi yapal\u0131m. Cezvemizi elimize alal\u0131m ve i\u00e7ine 2 \u00e7ay ka\u015f\u0131\u011f\u0131 kahve atal\u0131m. E\u011fer sade T\u00fcrk kahvesi yapmak istiyorsak \u015fekersiz, orta T\u00fcrk kahvesi yapmak istiyorsak 1 k\u00fcp \u015feker, \u015fekerli T\u00fcrk kahvesi yapmak istiyorsak 2 k\u00fcp \u015fekeri cezvemizin i\u00e7ine atal\u0131m. Ard\u0131ndan bir kahve fincan\u0131na su doldurarak cezvemizin i\u00e7ine bo\u015faltal\u0131m ve \u015feker eriyene kadar \u00e7ay ka\u015f\u0131\u011f\u0131 ile kar\u0131\u015ft\u0131ral\u0131m. \u015eekerin eridi\u011fi ve kahvenin suya iyice kar\u0131\u015ft\u0131\u011f\u0131 kar\u0131\u015f\u0131m\u0131 elde ettiysek oca\u011f\u0131 yakman\u0131n bu enfes lezzeti tatman\u0131n vakti gelmi\u015ftir demektir. Ki\u015fi say\u0131m\u0131z ne kadar artarsa malzemelerimizin miktar\u0131n\u0131 da ona g\u00f6re ayn\u0131 oranda art\u0131rmay\u0131 unutmayal\u0131m. \u00d6rne\u011fin 2 ki\u015fi i\u00e7in haz\u0131rlayaca\u011f\u0131m\u0131z T\u00fcrk kahvesinde 4 \u00e7ay ka\u015f\u0131\u011f\u0131 kahve 2 fincan su 3 ki\u015filik T\u00fcrk kahvesinde ise 6 \u00e7ay ka\u015f\u0131\u011f\u0131 kahve 3 fincan su kullanal\u0131m. Bu i\u015flemleri bitirdikten sonra cezvemizi ate\u015fin \u00fcst\u00fcne koyal\u0131m ve t\u00fcrk kahvemizin k\u0131s\u0131k ate\u015fte pi\u015fmesine yakla\u015f\u0131k bir 6 veya 8 dakika izin verelim. Fakat iyi pi\u015fmi\u015f bol k\u00f6p\u00fckl\u00fc ve lezzetli T\u00fcrk kahvemizi elde etmek istiyorsak bu s\u00fcre zarf\u0131nda kar\u0131\u015f\u0131m\u0131m\u0131z\u0131 hassas narin ve a\u015f\u0131r\u0131 h\u0131zl\u0131 olmadan yava\u015f\u00e7a kar\u0131\u015ft\u0131rmay\u0131 ihmal etmiyoruz. T\u00fcrk kahvemizin yava\u015f yava\u015f kaynad\u0131\u011f\u0131n\u0131 ve \u00fcst\u00fcn\u00fcn k\u00f6p\u00fck k\u00f6p\u00fck oldu\u011funu \u00a0g\u00f6rd\u00fc\u011f\u00fcn\u00fcz anda ate\u015fi kapat\u0131n. T\u00fcrk kahvemiz pi\u015fti ve art\u0131k servise haz\u0131r hale getirmek i\u00e7in son birka\u00e7 i\u015flemimiz kald\u0131. Pi\u015fen t\u00fcrk kahvemizin \u00f6ncelikle fincana d\u00f6kmeden \u00f6nce \u00e7ay ka\u015f\u0131\u011f\u0131 yard\u0131m\u0131 ile \u00fczerindeki k\u00f6p\u00fc\u011f\u00fc kahve fincan\u0131na aktar\u0131yoruz. Ard\u0131ndan t\u00fcrk kahvemizi cezveyi kahve fincan\u0131na dayayarak yava\u015f\u00e7a d\u00f6k\u00fcyoruz. \u0130\u015fte size tarihimizin atalar\u0131m\u0131z\u0131n bize miras b\u0131rakt\u0131\u011f\u0131 o enfes lezzetli t\u00fcrk kahvesi afiyet olsun.<\/p>\n<h2>Kumda T\u00fcrk Kahvesi Nas\u0131l Yap\u0131l\u0131r?<\/h2>\n<p style=\"font-weight: 400;\">\u00d6ncelikle \u015funu belirtmek isterim ki t\u00fcrk kahvesinin lezzeti g\u00fczel yap\u0131ld\u0131ktan sonra vazge\u00e7ilmez ve m\u00fckemmeldir fakat kumda yap\u0131lan t\u00fcrk kahvesi de ayr\u0131 bir lezzetlidir. Bu yaz\u0131mda sizlere kumda t\u00fcrk kahvesi nas\u0131l yap\u0131l\u0131rdan bahsedece\u011fim. \u0130sterseniz laf\u0131 fazla uzatmadan hemen konumuza gelelim ve bu denli a\u00e7\u0131klamas\u0131 zor olan lezzeti tadal\u0131m.<\/p>\n<p style=\"font-weight: 400;\">Kumda t\u00fcrk kahvesi yapmak sand\u0131\u011f\u0131m\u0131z kadar zor bir \u015fey olmay\u0131p aksine \u00e7ok basittir. Kumda t\u00fcrk kahvesi yapmak i\u00e7in t\u00fcrk kahvesi yaparken kulland\u0131\u011f\u0131m\u0131z malzemelere kum ilave ediyoruz. \u00d6ncelikle cezvemizin i\u00e7indeki kahve kar\u0131\u015f\u0131m\u0131n\u0131 haz\u0131rlarken yukar\u0131daki yaz\u0131mda da belirtti\u011fim gibi ki\u015fi say\u0131s\u0131na g\u00f6re malzemelerimizi ilave ediyoruz. Biz gene 1 ki\u015filik yap\u0131yormu\u015f gibi d\u00fc\u015f\u00fcnerek cezvemizin i\u00e7ine 2 \u00e7ay ka\u015f\u0131\u011f\u0131 t\u00fcrk kahvemizi at\u0131yoruz. \u015eeker terci\u011fimize g\u00f6re sadeyse \u015fekersiz, orta ise 1 k\u00fcp \u015feker, \u015fekerli ise 2 k\u00fcp \u015fekeri cezvemize at\u0131yoruz. Ard\u0131ndan 1 kahve fincan\u0131 suyu cezvemize d\u00f6k\u00fcp kar\u0131\u015f\u0131m\u0131n tamamlanmas\u0131 i\u00e7in kar\u0131\u015ft\u0131r\u0131yoruz ve bir kenara b\u0131rak\u0131yoruz. Ad\u0131 \u00fcst\u00fcnde kumda t\u00fcrk kahvesi oldu\u011fu i\u00e7in elimizdeki kumu bir tavaya d\u00f6k\u00fcyoruz. Tavan\u0131n boyutuna ve derinli\u011fine g\u00f6re kumun miktar\u0131n\u0131 ayarl\u0131yoruz. Kumun miktar\u0131n\u0131 ayarlarken de tavadaki kumun iki parmak geni\u015fli\u011finden fazla olmamas\u0131na \u00f6zen g\u00f6steriyoruz. Tavam\u0131z\u0131 yakm\u0131\u015f oldu\u011fumuz ate\u015fe koyup kumun iyice \u0131s\u0131nd\u0131\u011f\u0131na emin olana kadar yava\u015f\u00e7a kar\u0131\u015ft\u0131rarak i\u015flemimize devam ediyoruz. Kumumuz iyice \u0131s\u0131nd\u0131ysa haz\u0131rlam\u0131\u015f oldu\u011fumuz t\u00fcrk kahvemizi kumun i\u00e7ine yerle\u015ftiriyoruz. Burada dikkat etmemiz gereken \u015feylerden biride ate\u015fin k\u0131s\u0131k olmas\u0131 ve cezvenin tavaya tam olarak temas etmemesidir. Yava\u015f yava\u015f cezvemizi tavayla cezvenin aras\u0131nda kumun olmas\u0131 kayd\u0131yla tavada gezdiriyoruz ve pi\u015fene kadar bu i\u015flemi uyguluyoruz. T\u00fcrk kahvemizin pi\u015fti\u011fini g\u00f6r\u00fcnce hemen ate\u015fi kapat\u0131p cezvemizi kenara al\u0131yoruz ve i\u00e7indeki k\u00f6p\u00fc\u011f\u00fc bir ka\u015f\u0131k yard\u0131m\u0131 ile kahve fincan\u0131na aktar\u0131yoruz. Cezvemizi kahve fincan\u0131na dayayarak yava\u015f\u00e7a bo\u015falt\u0131yoruz. Ve i\u015fte size tad\u0131ndan vazge\u00e7emeyece\u011fimiz lezzetinden \u00f6d\u00fcn vermeyen kumda t\u00fcrk kahvesi. Afiyet olsun.<\/p>\n","protected":false},"excerpt":{"rendered":"<p>T\u00fcrk Kahvesi Nas\u0131l Yap\u0131l\u0131r? Merhaba arkada\u015flar. Bug\u00fcn ki yaz\u0131mda sizlere T\u00fcrk kahvesi nas\u0131l yap\u0131l\u0131r dan bahsedece\u011fim. \u00d6ncelikle kahvenin tarih\u00e7esine bakacak [&hellip;]<\/p>\n","protected":false},"author":2,"featured_media":101,"comment_status":"open","ping_status":"open","sticky":false,"template":"","format":"standard","meta":{"_acf_changed":false,"site-sidebar-layout":"default","site-content-layout":"","ast-site-content-layout":"","site-content-style":"default","site-sidebar-style":"default","ast-global-header-display":"","ast-banner-title-visibility":"","ast-main-header-display":"","ast-hfb-above-header-display":"","ast-hfb-below-header-display":"","ast-hfb-mobile-header-display":"","site-post-title":"","ast-breadcrumbs-content":"","ast-featured-img":"","footer-sml-layout":"","theme-transparent-header-meta":"","adv-header-id-meta":"","stick-header-meta":"","header-above-stick-meta":"","header-main-stick-meta":"","header-below-stick-meta":"","astra-migrate-meta-layouts":"default","ast-page-background-enabled":"default","ast-page-background-meta":{"desktop":{"background-color":"var(--ast-global-color-4)","background-image":"","background-repeat":"repeat","background-position":"center center","background-size":"auto","background-attachment":"scroll","background-type":"","background-media":"","overlay-type":"","overlay-color":"","overlay-gradient":""},"tablet":{"background-color":"","background-image":"","background-repeat":"repeat","background-position":"center center","background-size":"auto","background-attachment":"scroll","background-type":"","background-media":"","overlay-type":"","overlay-color":"","overlay-gradient":""},"mobile":{"background-color":"","background-image":"","background-repeat":"repeat","background-position":"center center","background-size":"auto","background-attachment":"scroll","background-type":"","background-media":"","overlay-type":"","overlay-color":"","overlay-gradient":""}},"ast-content-background-meta":{"desktop":{"background-color":"var(--ast-global-color-5)","background-image":"","background-repeat":"repeat","background-position":"center center","background-size":"auto","background-attachment":"scroll","background-type":"","background-media":"","overlay-type":"","overlay-color":"","overlay-gradient":""},"tablet":{"background-color":"var(--ast-global-color-5)","background-image":"","background-repeat":"repeat","background-position":"center center","background-size":"auto","background-attachment":"scroll","background-type":"","background-media":"","overlay-type":"","overlay-color":"","overlay-gradient":""},"mobile":{"background-color":"var(--ast-global-color-5)","background-image":"","background-repeat":"repeat","background-position":"center center","background-size":"auto","background-attachment":"scroll","background-type":"","background-media":"","overlay-type":"","overlay-color":"","overlay-gradient":""}},"footnotes":""},"categories":[6,2],"tags":[],"acf":[],"yoast_head":"<!-- This site is optimized with the Yoast SEO plugin v22.8 - https:\/\/yoast.com\/wordpress\/plugins\/seo\/ -->\n<title>T\u00fcrk kahvesi nas\u0131l yap\u0131l\u0131r? - Emeyz - Bilgiye A\u00e7\u0131lan Kap\u0131n\u0131z<\/title>\n<meta name=\"description\" content=\"T\u00fcrk kahvesi nas\u0131l yap\u0131l\u0131r? Nas\u0131l Yap\u0131l\u0131r\" \/>\n<meta name=\"robots\" content=\"index, follow, max-snippet:-1, max-image-preview:large, max-video-preview:-1\" \/>\n<link rel=\"canonical\" href=\"https:\/\/tr.emeyz.com\/turk-kahvesi-nasil-yapilir\/\" \/>\n<meta property=\"og:locale\" content=\"tr_TR\" \/>\n<meta property=\"og:type\" content=\"article\" \/>\n<meta property=\"og:title\" content=\"T\u00fcrk kahvesi nas\u0131l yap\u0131l\u0131r? - Emeyz - Bilgiye A\u00e7\u0131lan Kap\u0131n\u0131z\" \/>\n<meta property=\"og:description\" content=\"T\u00fcrk kahvesi nas\u0131l yap\u0131l\u0131r? Nas\u0131l Yap\u0131l\u0131r\" \/>\n<meta property=\"og:url\" content=\"https:\/\/tr.emeyz.com\/turk-kahvesi-nasil-yapilir\/\" \/>\n<meta property=\"og:site_name\" content=\"Emeyz - Bilgiye A\u00e7\u0131lan Kap\u0131n\u0131z\" \/>\n<meta property=\"article:published_time\" content=\"2024-01-13T23:17:10+00:00\" \/>\n<meta property=\"article:modified_time\" content=\"2024-01-27T17:51:36+00:00\" \/>\n<meta property=\"og:image\" content=\"https:\/\/tr.emeyz.com\/wp-content\/uploads\/sites\/3\/2024\/01\/lg_en-iyi-turk-kahvesi-nasil-pisirilir_1577641091-jpg-webp.webp\" \/>\n\t<meta property=\"og:image:width\" content=\"765\" \/>\n\t<meta property=\"og:image:height\" content=\"510\" \/>\n\t<meta property=\"og:image:type\" content=\"image\/jpeg\" \/>\n<meta name=\"author\" content=\"emeyz\" \/>\n<meta name=\"twitter:card\" content=\"summary_large_image\" \/>\n<meta name=\"twitter:label1\" content=\"Yazan:\" \/>\n\t<meta name=\"twitter:data1\" content=\"emeyz\" \/>\n\t<meta name=\"twitter:label2\" content=\"Tahmini okuma s\u00fcresi\" \/>\n\t<meta name=\"twitter:data2\" content=\"5 dakika\" \/>\n<script type=\"application\/ld+json\" class=\"yoast-schema-graph\">{\"@context\":\"https:\/\/schema.org\",\"@graph\":[{\"@type\":\"Article\",\"@id\":\"https:\/\/tr.emeyz.com\/turk-kahvesi-nasil-yapilir\/#article\",\"isPartOf\":{\"@id\":\"https:\/\/tr.emeyz.com\/turk-kahvesi-nasil-yapilir\/\"},\"author\":{\"name\":\"emeyz\",\"@id\":\"https:\/\/tr.emeyz.com\/#\/schema\/person\/c6761aab1b92a1001df9730f3575628f\"},\"headline\":\"T\u00fcrk kahvesi nas\u0131l yap\u0131l\u0131r?\",\"datePublished\":\"2024-01-13T23:17:10+00:00\",\"dateModified\":\"2024-01-27T17:51:36+00:00\",\"mainEntityOfPage\":{\"@id\":\"https:\/\/tr.emeyz.com\/turk-kahvesi-nasil-yapilir\/\"},\"wordCount\":1057,\"commentCount\":0,\"publisher\":{\"@id\":\"https:\/\/tr.emeyz.com\/#\/schema\/person\/c6761aab1b92a1001df9730f3575628f\"},\"image\":{\"@id\":\"https:\/\/tr.emeyz.com\/turk-kahvesi-nasil-yapilir\/#primaryimage\"},\"thumbnailUrl\":\"https:\/\/tr.emeyz.com\/wp-content\/uploads\/sites\/3\/2024\/01\/lg_en-iyi-turk-kahvesi-nasil-pisirilir_1577641091-jpg-webp.webp\",\"articleSection\":[\"Mutfak &amp; Yemek\",\"Nas\u0131l Yap\u0131l\u0131r\"],\"inLanguage\":\"tr\",\"potentialAction\":[{\"@type\":\"CommentAction\",\"name\":\"Comment\",\"target\":[\"https:\/\/tr.emeyz.com\/turk-kahvesi-nasil-yapilir\/#respond\"]}]},{\"@type\":\"WebPage\",\"@id\":\"https:\/\/tr.emeyz.com\/turk-kahvesi-nasil-yapilir\/\",\"url\":\"https:\/\/tr.emeyz.com\/turk-kahvesi-nasil-yapilir\/\",\"name\":\"T\u00fcrk kahvesi nas\u0131l yap\u0131l\u0131r? - Emeyz - Bilgiye A\u00e7\u0131lan Kap\u0131n\u0131z\",\"isPartOf\":{\"@id\":\"https:\/\/tr.emeyz.com\/#website\"},\"primaryImageOfPage\":{\"@id\":\"https:\/\/tr.emeyz.com\/turk-kahvesi-nasil-yapilir\/#primaryimage\"},\"image\":{\"@id\":\"https:\/\/tr.emeyz.com\/turk-kahvesi-nasil-yapilir\/#primaryimage\"},\"thumbnailUrl\":\"https:\/\/tr.emeyz.com\/wp-content\/uploads\/sites\/3\/2024\/01\/lg_en-iyi-turk-kahvesi-nasil-pisirilir_1577641091-jpg-webp.webp\",\"datePublished\":\"2024-01-13T23:17:10+00:00\",\"dateModified\":\"2024-01-27T17:51:36+00:00\",\"description\":\"T\u00fcrk kahvesi nas\u0131l yap\u0131l\u0131r? Nas\u0131l Yap\u0131l\u0131r\",\"breadcrumb\":{\"@id\":\"https:\/\/tr.emeyz.com\/turk-kahvesi-nasil-yapilir\/#breadcrumb\"},\"inLanguage\":\"tr\",\"potentialAction\":[{\"@type\":\"ReadAction\",\"target\":[\"https:\/\/tr.emeyz.com\/turk-kahvesi-nasil-yapilir\/\"]}]},{\"@type\":\"ImageObject\",\"inLanguage\":\"tr\",\"@id\":\"https:\/\/tr.emeyz.com\/turk-kahvesi-nasil-yapilir\/#primaryimage\",\"url\":\"https:\/\/tr.emeyz.com\/wp-content\/uploads\/sites\/3\/2024\/01\/lg_en-iyi-turk-kahvesi-nasil-pisirilir_1577641091-jpg-webp.webp\",\"contentUrl\":\"https:\/\/tr.emeyz.com\/wp-content\/uploads\/sites\/3\/2024\/01\/lg_en-iyi-turk-kahvesi-nasil-pisirilir_1577641091-jpg-webp.webp\",\"width\":765,\"height\":510},{\"@type\":\"BreadcrumbList\",\"@id\":\"https:\/\/tr.emeyz.com\/turk-kahvesi-nasil-yapilir\/#breadcrumb\",\"itemListElement\":[{\"@type\":\"ListItem\",\"position\":1,\"name\":\"Anasayfa\",\"item\":\"https:\/\/tr.emeyz.com\/\"},{\"@type\":\"ListItem\",\"position\":2,\"name\":\"T\u00fcrk kahvesi nas\u0131l yap\u0131l\u0131r?\"}]},{\"@type\":\"WebSite\",\"@id\":\"https:\/\/tr.emeyz.com\/#website\",\"url\":\"https:\/\/tr.emeyz.com\/\",\"name\":\"Emeyz\",\"description\":\"Bilgi Payla\u015f\u0131m Blo\u011fu\",\"publisher\":{\"@id\":\"https:\/\/tr.emeyz.com\/#\/schema\/person\/c6761aab1b92a1001df9730f3575628f\"},\"potentialAction\":[{\"@type\":\"SearchAction\",\"target\":{\"@type\":\"EntryPoint\",\"urlTemplate\":\"https:\/\/tr.emeyz.com\/?s={search_term_string}\"},\"query-input\":\"required name=search_term_string\"}],\"inLanguage\":\"tr\"},{\"@type\":[\"Person\",\"Organization\"],\"@id\":\"https:\/\/tr.emeyz.com\/#\/schema\/person\/c6761aab1b92a1001df9730f3575628f\",\"name\":\"emeyz\",\"image\":{\"@type\":\"ImageObject\",\"inLanguage\":\"tr\",\"@id\":\"https:\/\/tr.emeyz.com\/#\/schema\/person\/image\/\",\"url\":\"https:\/\/tr.emeyz.com\/wp-content\/uploads\/sites\/3\/2024\/01\/emeyz-com-logo.png\",\"contentUrl\":\"https:\/\/tr.emeyz.com\/wp-content\/uploads\/sites\/3\/2024\/01\/emeyz-com-logo.png\",\"width\":225,\"height\":75,\"caption\":\"emeyz\"},\"logo\":{\"@id\":\"https:\/\/tr.emeyz.com\/#\/schema\/person\/image\/\"},\"sameAs\":[\"https:\/\/emeyz.com\"],\"url\":\"https:\/\/tr.emeyz.com\/author\/emeyz\/\"}]}<\/script>\n<!-- \/ Yoast SEO plugin. -->","yoast_head_json":{"title":"T\u00fcrk kahvesi nas\u0131l yap\u0131l\u0131r? - Emeyz - Bilgiye A\u00e7\u0131lan Kap\u0131n\u0131z","description":"T\u00fcrk kahvesi nas\u0131l yap\u0131l\u0131r? Nas\u0131l Yap\u0131l\u0131r","robots":{"index":"index","follow":"follow","max-snippet":"max-snippet:-1","max-image-preview":"max-image-preview:large","max-video-preview":"max-video-preview:-1"},"canonical":"https:\/\/tr.emeyz.com\/turk-kahvesi-nasil-yapilir\/","og_locale":"tr_TR","og_type":"article","og_title":"T\u00fcrk kahvesi nas\u0131l yap\u0131l\u0131r? - Emeyz - Bilgiye A\u00e7\u0131lan Kap\u0131n\u0131z","og_description":"T\u00fcrk kahvesi nas\u0131l yap\u0131l\u0131r? Nas\u0131l Yap\u0131l\u0131r","og_url":"https:\/\/tr.emeyz.com\/turk-kahvesi-nasil-yapilir\/","og_site_name":"Emeyz - Bilgiye A\u00e7\u0131lan Kap\u0131n\u0131z","article_published_time":"2024-01-13T23:17:10+00:00","article_modified_time":"2024-01-27T17:51:36+00:00","og_image":[{"width":765,"height":510,"url":"https:\/\/tr.emeyz.com\/wp-content\/uploads\/sites\/3\/2024\/01\/lg_en-iyi-turk-kahvesi-nasil-pisirilir_1577641091-jpg-webp.webp","type":"image\/jpeg"}],"author":"emeyz","twitter_card":"summary_large_image","twitter_misc":{"Yazan:":"emeyz","Tahmini okuma s\u00fcresi":"5 dakika"},"schema":{"@context":"https:\/\/schema.org","@graph":[{"@type":"Article","@id":"https:\/\/tr.emeyz.com\/turk-kahvesi-nasil-yapilir\/#article","isPartOf":{"@id":"https:\/\/tr.emeyz.com\/turk-kahvesi-nasil-yapilir\/"},"author":{"name":"emeyz","@id":"https:\/\/tr.emeyz.com\/#\/schema\/person\/c6761aab1b92a1001df9730f3575628f"},"headline":"T\u00fcrk kahvesi nas\u0131l yap\u0131l\u0131r?","datePublished":"2024-01-13T23:17:10+00:00","dateModified":"2024-01-27T17:51:36+00:00","mainEntityOfPage":{"@id":"https:\/\/tr.emeyz.com\/turk-kahvesi-nasil-yapilir\/"},"wordCount":1057,"commentCount":0,"publisher":{"@id":"https:\/\/tr.emeyz.com\/#\/schema\/person\/c6761aab1b92a1001df9730f3575628f"},"image":{"@id":"https:\/\/tr.emeyz.com\/turk-kahvesi-nasil-yapilir\/#primaryimage"},"thumbnailUrl":"https:\/\/tr.emeyz.com\/wp-content\/uploads\/sites\/3\/2024\/01\/lg_en-iyi-turk-kahvesi-nasil-pisirilir_1577641091-jpg-webp.webp","articleSection":["Mutfak &amp; Yemek","Nas\u0131l Yap\u0131l\u0131r"],"inLanguage":"tr","potentialAction":[{"@type":"CommentAction","name":"Comment","target":["https:\/\/tr.emeyz.com\/turk-kahvesi-nasil-yapilir\/#respond"]}]},{"@type":"WebPage","@id":"https:\/\/tr.emeyz.com\/turk-kahvesi-nasil-yapilir\/","url":"https:\/\/tr.emeyz.com\/turk-kahvesi-nasil-yapilir\/","name":"T\u00fcrk kahvesi nas\u0131l yap\u0131l\u0131r? - Emeyz - Bilgiye A\u00e7\u0131lan Kap\u0131n\u0131z","isPartOf":{"@id":"https:\/\/tr.emeyz.com\/#website"},"primaryImageOfPage":{"@id":"https:\/\/tr.emeyz.com\/turk-kahvesi-nasil-yapilir\/#primaryimage"},"image":{"@id":"https:\/\/tr.emeyz.com\/turk-kahvesi-nasil-yapilir\/#primaryimage"},"thumbnailUrl":"https:\/\/tr.emeyz.com\/wp-content\/uploads\/sites\/3\/2024\/01\/lg_en-iyi-turk-kahvesi-nasil-pisirilir_1577641091-jpg-webp.webp","datePublished":"2024-01-13T23:17:10+00:00","dateModified":"2024-01-27T17:51:36+00:00","description":"T\u00fcrk kahvesi nas\u0131l yap\u0131l\u0131r? Nas\u0131l Yap\u0131l\u0131r","breadcrumb":{"@id":"https:\/\/tr.emeyz.com\/turk-kahvesi-nasil-yapilir\/#breadcrumb"},"inLanguage":"tr","potentialAction":[{"@type":"ReadAction","target":["https:\/\/tr.emeyz.com\/turk-kahvesi-nasil-yapilir\/"]}]},{"@type":"ImageObject","inLanguage":"tr","@id":"https:\/\/tr.emeyz.com\/turk-kahvesi-nasil-yapilir\/#primaryimage","url":"https:\/\/tr.emeyz.com\/wp-content\/uploads\/sites\/3\/2024\/01\/lg_en-iyi-turk-kahvesi-nasil-pisirilir_1577641091-jpg-webp.webp","contentUrl":"https:\/\/tr.emeyz.com\/wp-content\/uploads\/sites\/3\/2024\/01\/lg_en-iyi-turk-kahvesi-nasil-pisirilir_1577641091-jpg-webp.webp","width":765,"height":510},{"@type":"BreadcrumbList","@id":"https:\/\/tr.emeyz.com\/turk-kahvesi-nasil-yapilir\/#breadcrumb","itemListElement":[{"@type":"ListItem","position":1,"name":"Anasayfa","item":"https:\/\/tr.emeyz.com\/"},{"@type":"ListItem","position":2,"name":"T\u00fcrk kahvesi nas\u0131l yap\u0131l\u0131r?"}]},{"@type":"WebSite","@id":"https:\/\/tr.emeyz.com\/#website","url":"https:\/\/tr.emeyz.com\/","name":"Emeyz","description":"Bilgi Payla\u015f\u0131m Blo\u011fu","publisher":{"@id":"https:\/\/tr.emeyz.com\/#\/schema\/person\/c6761aab1b92a1001df9730f3575628f"},"potentialAction":[{"@type":"SearchAction","target":{"@type":"EntryPoint","urlTemplate":"https:\/\/tr.emeyz.com\/?s={search_term_string}"},"query-input":"required name=search_term_string"}],"inLanguage":"tr"},{"@type":["Person","Organization"],"@id":"https:\/\/tr.emeyz.com\/#\/schema\/person\/c6761aab1b92a1001df9730f3575628f","name":"emeyz","image":{"@type":"ImageObject","inLanguage":"tr","@id":"https:\/\/tr.emeyz.com\/#\/schema\/person\/image\/","url":"https:\/\/tr.emeyz.com\/wp-content\/uploads\/sites\/3\/2024\/01\/emeyz-com-logo.png","contentUrl":"https:\/\/tr.emeyz.com\/wp-content\/uploads\/sites\/3\/2024\/01\/emeyz-com-logo.png","width":225,"height":75,"caption":"emeyz"},"logo":{"@id":"https:\/\/tr.emeyz.com\/#\/schema\/person\/image\/"},"sameAs":["https:\/\/emeyz.com"],"url":"https:\/\/tr.emeyz.com\/author\/emeyz\/"}]}},"_links":{"self":[{"href":"https:\/\/tr.emeyz.com\/api\/wp\/v2\/posts\/138"}],"collection":[{"href":"https:\/\/tr.emeyz.com\/api\/wp\/v2\/posts"}],"about":[{"href":"https:\/\/tr.emeyz.com\/api\/wp\/v2\/types\/post"}],"author":[{"embeddable":true,"href":"https:\/\/tr.emeyz.com\/api\/wp\/v2\/users\/2"}],"replies":[{"embeddable":true,"href":"https:\/\/tr.emeyz.com\/api\/wp\/v2\/comments?post=138"}],"version-history":[{"count":0,"href":"https:\/\/tr.emeyz.com\/api\/wp\/v2\/posts\/138\/revisions"}],"wp:featuredmedia":[{"embeddable":true,"href":"https:\/\/tr.emeyz.com\/api\/wp\/v2\/media\/101"}],"wp:attachment":[{"href":"https:\/\/tr.emeyz.com\/api\/wp\/v2\/media?parent=138"}],"wp:term":[{"taxonomy":"category","embeddable":true,"href":"https:\/\/tr.emeyz.com\/api\/wp\/v2\/categories?post=138"},{"taxonomy":"post_tag","embeddable":true,"href":"https:\/\/tr.emeyz.com\/api\/wp\/v2\/tags?post=138"}],"curies":[{"name":"wp","href":"https:\/\/api.w.org\/{rel}","templated":true}]}}