{"id":1129,"date":"2024-03-03T00:43:50","date_gmt":"2024-03-02T21:43:50","guid":{"rendered":"https:\/\/emeyz.com.tr\/?p=1129"},"modified":"2024-03-03T00:43:51","modified_gmt":"2024-03-02T21:43:51","slug":"minimalist-mutfak-sirlari","status":"publish","type":"post","link":"https:\/\/tr.emeyz.com\/minimalist-mutfak-sirlari\/","title":{"rendered":"Minimalist mutfak s\u0131rlar\u0131"},"content":{"rendered":"\n<p>Minimalist mutfak s\u0131rlar\u0131, mutfakta sade ve i\u015flevsel bir alan yaratman\u0131n yan\u0131 s\u0131ra, ya\u015fam tarz\u0131n\u0131z\u0131 da basitle\u015ftirmeye y\u00f6nelik bir yakla\u015f\u0131md\u0131r. Bu yaz\u0131da, mutfakta minimalizmi benimsemenin yollar\u0131n\u0131, gereksiz e\u015fyalardan nas\u0131l kurtulabilece\u011finizi ve bu s\u00fcre\u00e7te nas\u0131l daha s\u00fcrd\u00fcr\u00fclebilir ve verimli bir ya\u015fam s\u00fcrd\u00fcrebilece\u011finizi ele alaca\u011f\u0131z.<\/p>\n\n\n\n<h3 class=\"wp-block-heading\">Minimalist Mutfak Nedir?<\/h3>\n\n\n\n<p>Minimalist mutfak, sadece ihtiyac\u0131n\u0131z olan e\u015fyalarla donat\u0131lm\u0131\u015f bir mutfakt\u0131r. Bu yakla\u015f\u0131m, daha az e\u015fya ile daha fazla i\u015flevsellik ve estetik bir g\u00f6r\u00fcn\u00fcm kazand\u0131rmay\u0131 hedefler. Minimalizm, mutfakta daha az kar\u0131\u015f\u0131kl\u0131k ve daha fazla a\u00e7\u0131k alan yaratarak, yemek pi\u015firme ve temizlik s\u00fcre\u00e7lerini kolayla\u015ft\u0131r\u0131r.<\/p>\n\n\n\n<h3 class=\"wp-block-heading\">Minimalist Mutfak \u0130\u00e7in \u0130pu\u00e7lar\u0131<\/h3>\n\n\n\n<h4 class=\"wp-block-heading\">1. Gereksiz E\u015fyalar\u0131 Azalt\u0131n<\/h4>\n\n\n\n<p>Minimalist bir mutfak i\u00e7in ilk ad\u0131m, gereksiz e\u015fyalardan kurtulmakt\u0131r. \u0130htiyac\u0131n\u0131z olmayan ya da nadiren kulland\u0131\u011f\u0131n\u0131z mutfak gere\u00e7lerini, tabaklar\u0131 ve bardaklar\u0131 ba\u011f\u0131\u015flayarak veya satarak mutfaktan \u00e7\u0131kar\u0131n. Bu s\u00fcre\u00e7, ihtiya\u00e7lar\u0131n\u0131z\u0131 ve ger\u00e7ekten \u00f6nemli olan e\u015fyalar\u0131 netle\u015ftirecektir.<\/p>\n\n\n\n<h4 class=\"wp-block-heading\">2. D\u00fczenleme ve Saklama \u00c7\u00f6z\u00fcmleri<\/h4>\n\n\n\n<p>Minimalist bir mutfakta d\u00fczen \u00f6nemlidir. S\u0131k kullan\u0131lan e\u015fyalar\u0131 eri\u015filebilir, ancak g\u00f6zden uzak bir \u015fekilde saklamak i\u00e7in ak\u0131ll\u0131 saklama \u00e7\u00f6z\u00fcmlerinden yararlan\u0131n. \u00d6rne\u011fin, mutfak dolaplar\u0131n\u0131z\u0131 ve \u00e7ekmecelerinizi d\u00fczenleyici b\u00f6l\u00fcc\u00fclerle organize edin. A\u00e7\u0131k raflar\u0131, s\u0131k kullan\u0131lan malzemeleri sergilemek i\u00e7in kullanabilirsiniz, bu da hem estetik bir g\u00f6r\u00fcn\u00fcm sa\u011flar hem de i\u015flevsellik katar.<\/p>\n\n\n\n<h4 class=\"wp-block-heading\">3. \u00c7ok Ama\u00e7l\u0131 Ara\u00e7lar<\/h4>\n\n\n\n<p>Mutfakta yer kazanman\u0131n bir yolu da \u00e7ok ama\u00e7l\u0131 ara\u00e7lar kullanmakt\u0131r. \u00d6rne\u011fin, bir blender ayn\u0131 zamanda g\u0131da i\u015flemci olarak da kullan\u0131labilir. Bu t\u00fcr \u00e7ok ama\u00e7l\u0131 \u00fcr\u00fcnler, hem mutfakta daha fazla alan a\u00e7ar hem de ihtiya\u00e7 duydu\u011funuz ara\u00e7 say\u0131s\u0131n\u0131 azalt\u0131r.<\/p>\n\n\n\n<h4 class=\"wp-block-heading\">4. Sade Dekorasyon<\/h4>\n\n\n\n<p>Minimalist bir mutfakta dekorasyon sade olmal\u0131d\u0131r. Az say\u0131da, ancak anlaml\u0131 dekoratif e\u015fyalar kullan\u0131n. Do\u011fal \u0131\u015f\u0131\u011f\u0131 ve beyaz ya da a\u00e7\u0131k renklerin ferahl\u0131\u011f\u0131n\u0131 kullanarak mutfakta sakin ve huzurlu bir atmosfer yaratabilirsiniz.<\/p>\n\n\n\n<h4 class=\"wp-block-heading\">5. S\u00fcrd\u00fcr\u00fclebilirlik<\/h4>\n\n\n\n<p>Minimalizm, s\u00fcrd\u00fcr\u00fclebilir bir ya\u015fam tarz\u0131n\u0131 da destekler. Azalan e\u015fya say\u0131s\u0131, daha az t\u00fcketim ve at\u0131k anlam\u0131na gelir. Yeniden kullan\u0131labilir saklama kaplar\u0131 ve do\u011fal temizlik \u00fcr\u00fcnleri gibi \u00e7evre dostu se\u00e7enekleri tercih ederek, mutfakta s\u00fcrd\u00fcr\u00fclebilirli\u011fi art\u0131rabilirsiniz.<\/p>\n\n\n\n<p>Minimalist bir mutfak yaratmak, basit ve i\u015flevsel bir ya\u015fam alan\u0131 olu\u015fturman\u0131n yan\u0131 s\u0131ra, daha s\u00fcrd\u00fcr\u00fclebilir bir ya\u015fam tarz\u0131na ge\u00e7i\u015f yapman\u0131z\u0131 da sa\u011flar. Gereksiz e\u015fyalardan kurtularak, d\u00fczenleyici \u00e7\u00f6z\u00fcmleri kullanarak ve \u00e7ok ama\u00e7l\u0131 ara\u00e7larla mutfakta daha fazla alan a\u00e7arak, mutfak i\u015flerinizi daha keyifli ve verimli hale getirebilirsin<\/p>\n","protected":false},"excerpt":{"rendered":"<p>Minimalist mutfak s\u0131rlar\u0131, mutfakta sade ve i\u015flevsel bir alan yaratman\u0131n yan\u0131 s\u0131ra, ya\u015fam tarz\u0131n\u0131z\u0131 da basitle\u015ftirmeye y\u00f6nelik bir yakla\u015f\u0131md\u0131r. Bu yaz\u0131da, mutfakta minimalizmi benimsemenin yollar\u0131n\u0131, gereksiz e\u015fyalardan nas\u0131l kurtulabilece\u011finizi ve bu s\u00fcre\u00e7te nas\u0131l daha s\u00fcrd\u00fcr\u00fclebilir ve verimli bir ya\u015fam s\u00fcrd\u00fcrebilece\u011finizi ele alaca\u011f\u0131z.<\/p>\n","protected":false},"author":1,"featured_media":1130,"comment_status":"open","ping_status":"open","sticky":false,"template":"","format":"standard","meta":{"_acf_changed":false,"site-sidebar-layout":"default","site-content-layout":"","ast-site-content-layout":"","site-content-style":"default","site-sidebar-style":"default","ast-global-header-display":"","ast-banner-title-visibility":"","ast-main-header-display":"","ast-hfb-above-header-display":"","ast-hfb-below-header-display":"","ast-hfb-mobile-header-display":"","site-post-title":"","ast-breadcrumbs-content":"","ast-featured-img":"","footer-sml-layout":"","theme-transparent-header-meta":"","adv-header-id-meta":"","stick-header-meta":"","header-above-stick-meta":"","header-main-stick-meta":"","header-below-stick-meta":"","astra-migrate-meta-layouts":"default","ast-page-background-enabled":"default","ast-page-background-meta":{"desktop":{"background-color":"var(--ast-global-color-4)","background-image":"","background-repeat":"repeat","background-position":"center center","background-size":"auto","background-attachment":"scroll","background-type":"","background-media":"","overlay-type":"","overlay-color":"","overlay-gradient":""},"tablet":{"background-color":"","background-image":"","background-repeat":"repeat","background-position":"center center","background-size":"auto","background-attachment":"scroll","background-type":"","background-media":"","overlay-type":"","overlay-color":"","overlay-gradient":""},"mobile":{"background-color":"","background-image":"","background-repeat":"repeat","background-position":"center center","background-size":"auto","background-attachment":"scroll","background-type":"","background-media":"","overlay-type":"","overlay-color":"","overlay-gradient":""}},"ast-content-background-meta":{"desktop":{"background-color":"var(--ast-global-color-5)","background-image":"","background-repeat":"repeat","background-position":"center center","background-size":"auto","background-attachment":"scroll","background-type":"","background-media":"","overlay-type":"","overlay-color":"","overlay-gradient":""},"tablet":{"background-color":"var(--ast-global-color-5)","background-image":"","background-repeat":"repeat","background-position":"center center","background-size":"auto","background-attachment":"scroll","background-type":"","background-media":"","overlay-type":"","overlay-color":"","overlay-gradient":""},"mobile":{"background-color":"var(--ast-global-color-5)","background-image":"","background-repeat":"repeat","background-position":"center center","background-size":"auto","background-attachment":"scroll","background-type":"","background-media":"","overlay-type":"","overlay-color":"","overlay-gradient":""}},"footnotes":""},"categories":[6,83],"tags":[],"acf":[],"yoast_head":"<!-- This site is optimized with the Yoast SEO plugin v22.8 - https:\/\/yoast.com\/wordpress\/plugins\/seo\/ -->\n<title>Minimalist mutfak s\u0131rlar\u0131 - Emeyz - Bilgiye A\u00e7\u0131lan Kap\u0131n\u0131z<\/title>\n<meta name=\"description\" content=\"Minimalist mutfak s\u0131rlar\u0131 Ya\u015fam Tarz\u0131\" \/>\n<meta name=\"robots\" content=\"index, follow, max-snippet:-1, max-image-preview:large, max-video-preview:-1\" \/>\n<link rel=\"canonical\" href=\"https:\/\/tr.emeyz.com\/minimalist-mutfak-sirlari\/\" \/>\n<meta property=\"og:locale\" content=\"tr_TR\" \/>\n<meta property=\"og:type\" content=\"article\" \/>\n<meta property=\"og:title\" content=\"Minimalist mutfak s\u0131rlar\u0131 - Emeyz - Bilgiye A\u00e7\u0131lan Kap\u0131n\u0131z\" \/>\n<meta property=\"og:description\" content=\"Minimalist mutfak s\u0131rlar\u0131 Ya\u015fam Tarz\u0131\" \/>\n<meta property=\"og:url\" content=\"https:\/\/tr.emeyz.com\/minimalist-mutfak-sirlari\/\" \/>\n<meta property=\"og:site_name\" content=\"Emeyz - Bilgiye A\u00e7\u0131lan Kap\u0131n\u0131z\" \/>\n<meta property=\"article:published_time\" content=\"2024-03-02T21:43:50+00:00\" \/>\n<meta property=\"article:modified_time\" content=\"2024-03-02T21:43:51+00:00\" \/>\n<meta property=\"og:image\" content=\"https:\/\/tr.emeyz.com\/wp-content\/uploads\/sites\/3\/2024\/03\/minimalist-mutfak.jpg\" \/>\n\t<meta property=\"og:image:width\" content=\"840\" \/>\n\t<meta property=\"og:image:height\" content=\"560\" \/>\n\t<meta property=\"og:image:type\" content=\"image\/jpeg\" \/>\n<meta name=\"author\" content=\"atabasch7\" \/>\n<meta name=\"twitter:card\" content=\"summary_large_image\" \/>\n<meta name=\"twitter:label1\" content=\"Yazan:\" \/>\n\t<meta name=\"twitter:data1\" content=\"atabasch7\" \/>\n\t<meta name=\"twitter:label2\" content=\"Tahmini okuma s\u00fcresi\" \/>\n\t<meta name=\"twitter:data2\" content=\"3 dakika\" \/>\n<script type=\"application\/ld+json\" class=\"yoast-schema-graph\">{\"@context\":\"https:\/\/schema.org\",\"@graph\":[{\"@type\":\"Article\",\"@id\":\"https:\/\/tr.emeyz.com\/minimalist-mutfak-sirlari\/#article\",\"isPartOf\":{\"@id\":\"https:\/\/tr.emeyz.com\/minimalist-mutfak-sirlari\/\"},\"author\":{\"name\":\"atabasch7\",\"@id\":\"https:\/\/tr.emeyz.com\/#\/schema\/person\/60fe7b9f880b978cf516997a4ffab9c1\"},\"headline\":\"Minimalist mutfak s\u0131rlar\u0131\",\"datePublished\":\"2024-03-02T21:43:50+00:00\",\"dateModified\":\"2024-03-02T21:43:51+00:00\",\"mainEntityOfPage\":{\"@id\":\"https:\/\/tr.emeyz.com\/minimalist-mutfak-sirlari\/\"},\"wordCount\":500,\"commentCount\":0,\"publisher\":{\"@id\":\"https:\/\/tr.emeyz.com\/#\/schema\/person\/c6761aab1b92a1001df9730f3575628f\"},\"image\":{\"@id\":\"https:\/\/tr.emeyz.com\/minimalist-mutfak-sirlari\/#primaryimage\"},\"thumbnailUrl\":\"https:\/\/tr.emeyz.com\/wp-content\/uploads\/sites\/3\/2024\/03\/minimalist-mutfak.jpg\",\"articleSection\":[\"Mutfak &amp; Yemek\",\"Ya\u015fam Tarz\u0131\"],\"inLanguage\":\"tr\",\"potentialAction\":[{\"@type\":\"CommentAction\",\"name\":\"Comment\",\"target\":[\"https:\/\/tr.emeyz.com\/minimalist-mutfak-sirlari\/#respond\"]}]},{\"@type\":\"WebPage\",\"@id\":\"https:\/\/tr.emeyz.com\/minimalist-mutfak-sirlari\/\",\"url\":\"https:\/\/tr.emeyz.com\/minimalist-mutfak-sirlari\/\",\"name\":\"Minimalist mutfak s\u0131rlar\u0131 - Emeyz - Bilgiye A\u00e7\u0131lan Kap\u0131n\u0131z\",\"isPartOf\":{\"@id\":\"https:\/\/tr.emeyz.com\/#website\"},\"primaryImageOfPage\":{\"@id\":\"https:\/\/tr.emeyz.com\/minimalist-mutfak-sirlari\/#primaryimage\"},\"image\":{\"@id\":\"https:\/\/tr.emeyz.com\/minimalist-mutfak-sirlari\/#primaryimage\"},\"thumbnailUrl\":\"https:\/\/tr.emeyz.com\/wp-content\/uploads\/sites\/3\/2024\/03\/minimalist-mutfak.jpg\",\"datePublished\":\"2024-03-02T21:43:50+00:00\",\"dateModified\":\"2024-03-02T21:43:51+00:00\",\"description\":\"Minimalist mutfak s\u0131rlar\u0131 Ya\u015fam Tarz\u0131\",\"breadcrumb\":{\"@id\":\"https:\/\/tr.emeyz.com\/minimalist-mutfak-sirlari\/#breadcrumb\"},\"inLanguage\":\"tr\",\"potentialAction\":[{\"@type\":\"ReadAction\",\"target\":[\"https:\/\/tr.emeyz.com\/minimalist-mutfak-sirlari\/\"]}]},{\"@type\":\"ImageObject\",\"inLanguage\":\"tr\",\"@id\":\"https:\/\/tr.emeyz.com\/minimalist-mutfak-sirlari\/#primaryimage\",\"url\":\"https:\/\/tr.emeyz.com\/wp-content\/uploads\/sites\/3\/2024\/03\/minimalist-mutfak.jpg\",\"contentUrl\":\"https:\/\/tr.emeyz.com\/wp-content\/uploads\/sites\/3\/2024\/03\/minimalist-mutfak.jpg\",\"width\":840,\"height\":560},{\"@type\":\"BreadcrumbList\",\"@id\":\"https:\/\/tr.emeyz.com\/minimalist-mutfak-sirlari\/#breadcrumb\",\"itemListElement\":[{\"@type\":\"ListItem\",\"position\":1,\"name\":\"Anasayfa\",\"item\":\"https:\/\/tr.emeyz.com\/\"},{\"@type\":\"ListItem\",\"position\":2,\"name\":\"Minimalist mutfak s\u0131rlar\u0131\"}]},{\"@type\":\"WebSite\",\"@id\":\"https:\/\/tr.emeyz.com\/#website\",\"url\":\"https:\/\/tr.emeyz.com\/\",\"name\":\"Emeyz\",\"description\":\"Bilgi Payla\u015f\u0131m Blo\u011fu\",\"publisher\":{\"@id\":\"https:\/\/tr.emeyz.com\/#\/schema\/person\/c6761aab1b92a1001df9730f3575628f\"},\"potentialAction\":[{\"@type\":\"SearchAction\",\"target\":{\"@type\":\"EntryPoint\",\"urlTemplate\":\"https:\/\/tr.emeyz.com\/?s={search_term_string}\"},\"query-input\":\"required name=search_term_string\"}],\"inLanguage\":\"tr\"},{\"@type\":[\"Person\",\"Organization\"],\"@id\":\"https:\/\/tr.emeyz.com\/#\/schema\/person\/c6761aab1b92a1001df9730f3575628f\",\"name\":\"emeyz\",\"image\":{\"@type\":\"ImageObject\",\"inLanguage\":\"tr\",\"@id\":\"https:\/\/tr.emeyz.com\/#\/schema\/person\/image\/\",\"url\":\"https:\/\/tr.emeyz.com\/wp-content\/uploads\/sites\/3\/2024\/01\/emeyz-com-logo.png\",\"contentUrl\":\"https:\/\/tr.emeyz.com\/wp-content\/uploads\/sites\/3\/2024\/01\/emeyz-com-logo.png\",\"width\":225,\"height\":75,\"caption\":\"emeyz\"},\"logo\":{\"@id\":\"https:\/\/tr.emeyz.com\/#\/schema\/person\/image\/\"},\"sameAs\":[\"https:\/\/emeyz.com\"]},{\"@type\":\"Person\",\"@id\":\"https:\/\/tr.emeyz.com\/#\/schema\/person\/60fe7b9f880b978cf516997a4ffab9c1\",\"name\":\"atabasch7\",\"image\":{\"@type\":\"ImageObject\",\"inLanguage\":\"tr\",\"@id\":\"https:\/\/tr.emeyz.com\/#\/schema\/person\/image\/\",\"url\":\"https:\/\/secure.gravatar.com\/avatar\/35d6b8e21148342014b18ca6cb3a2779?s=96&d=mm&r=g\",\"contentUrl\":\"https:\/\/secure.gravatar.com\/avatar\/35d6b8e21148342014b18ca6cb3a2779?s=96&d=mm&r=g\",\"caption\":\"atabasch7\"},\"sameAs\":[\"http:\/\/atabasch.net\"],\"url\":\"https:\/\/tr.emeyz.com\/author\/atabasch7\/\"}]}<\/script>\n<!-- \/ Yoast SEO plugin. -->","yoast_head_json":{"title":"Minimalist mutfak s\u0131rlar\u0131 - Emeyz - Bilgiye A\u00e7\u0131lan Kap\u0131n\u0131z","description":"Minimalist mutfak s\u0131rlar\u0131 Ya\u015fam Tarz\u0131","robots":{"index":"index","follow":"follow","max-snippet":"max-snippet:-1","max-image-preview":"max-image-preview:large","max-video-preview":"max-video-preview:-1"},"canonical":"https:\/\/tr.emeyz.com\/minimalist-mutfak-sirlari\/","og_locale":"tr_TR","og_type":"article","og_title":"Minimalist mutfak s\u0131rlar\u0131 - Emeyz - Bilgiye A\u00e7\u0131lan Kap\u0131n\u0131z","og_description":"Minimalist mutfak s\u0131rlar\u0131 Ya\u015fam Tarz\u0131","og_url":"https:\/\/tr.emeyz.com\/minimalist-mutfak-sirlari\/","og_site_name":"Emeyz - Bilgiye A\u00e7\u0131lan Kap\u0131n\u0131z","article_published_time":"2024-03-02T21:43:50+00:00","article_modified_time":"2024-03-02T21:43:51+00:00","og_image":[{"width":840,"height":560,"url":"https:\/\/tr.emeyz.com\/wp-content\/uploads\/sites\/3\/2024\/03\/minimalist-mutfak.jpg","type":"image\/jpeg"}],"author":"atabasch7","twitter_card":"summary_large_image","twitter_misc":{"Yazan:":"atabasch7","Tahmini okuma s\u00fcresi":"3 dakika"},"schema":{"@context":"https:\/\/schema.org","@graph":[{"@type":"Article","@id":"https:\/\/tr.emeyz.com\/minimalist-mutfak-sirlari\/#article","isPartOf":{"@id":"https:\/\/tr.emeyz.com\/minimalist-mutfak-sirlari\/"},"author":{"name":"atabasch7","@id":"https:\/\/tr.emeyz.com\/#\/schema\/person\/60fe7b9f880b978cf516997a4ffab9c1"},"headline":"Minimalist mutfak s\u0131rlar\u0131","datePublished":"2024-03-02T21:43:50+00:00","dateModified":"2024-03-02T21:43:51+00:00","mainEntityOfPage":{"@id":"https:\/\/tr.emeyz.com\/minimalist-mutfak-sirlari\/"},"wordCount":500,"commentCount":0,"publisher":{"@id":"https:\/\/tr.emeyz.com\/#\/schema\/person\/c6761aab1b92a1001df9730f3575628f"},"image":{"@id":"https:\/\/tr.emeyz.com\/minimalist-mutfak-sirlari\/#primaryimage"},"thumbnailUrl":"https:\/\/tr.emeyz.com\/wp-content\/uploads\/sites\/3\/2024\/03\/minimalist-mutfak.jpg","articleSection":["Mutfak &amp; Yemek","Ya\u015fam Tarz\u0131"],"inLanguage":"tr","potentialAction":[{"@type":"CommentAction","name":"Comment","target":["https:\/\/tr.emeyz.com\/minimalist-mutfak-sirlari\/#respond"]}]},{"@type":"WebPage","@id":"https:\/\/tr.emeyz.com\/minimalist-mutfak-sirlari\/","url":"https:\/\/tr.emeyz.com\/minimalist-mutfak-sirlari\/","name":"Minimalist mutfak s\u0131rlar\u0131 - Emeyz - Bilgiye A\u00e7\u0131lan Kap\u0131n\u0131z","isPartOf":{"@id":"https:\/\/tr.emeyz.com\/#website"},"primaryImageOfPage":{"@id":"https:\/\/tr.emeyz.com\/minimalist-mutfak-sirlari\/#primaryimage"},"image":{"@id":"https:\/\/tr.emeyz.com\/minimalist-mutfak-sirlari\/#primaryimage"},"thumbnailUrl":"https:\/\/tr.emeyz.com\/wp-content\/uploads\/sites\/3\/2024\/03\/minimalist-mutfak.jpg","datePublished":"2024-03-02T21:43:50+00:00","dateModified":"2024-03-02T21:43:51+00:00","description":"Minimalist mutfak s\u0131rlar\u0131 Ya\u015fam Tarz\u0131","breadcrumb":{"@id":"https:\/\/tr.emeyz.com\/minimalist-mutfak-sirlari\/#breadcrumb"},"inLanguage":"tr","potentialAction":[{"@type":"ReadAction","target":["https:\/\/tr.emeyz.com\/minimalist-mutfak-sirlari\/"]}]},{"@type":"ImageObject","inLanguage":"tr","@id":"https:\/\/tr.emeyz.com\/minimalist-mutfak-sirlari\/#primaryimage","url":"https:\/\/tr.emeyz.com\/wp-content\/uploads\/sites\/3\/2024\/03\/minimalist-mutfak.jpg","contentUrl":"https:\/\/tr.emeyz.com\/wp-content\/uploads\/sites\/3\/2024\/03\/minimalist-mutfak.jpg","width":840,"height":560},{"@type":"BreadcrumbList","@id":"https:\/\/tr.emeyz.com\/minimalist-mutfak-sirlari\/#breadcrumb","itemListElement":[{"@type":"ListItem","position":1,"name":"Anasayfa","item":"https:\/\/tr.emeyz.com\/"},{"@type":"ListItem","position":2,"name":"Minimalist mutfak s\u0131rlar\u0131"}]},{"@type":"WebSite","@id":"https:\/\/tr.emeyz.com\/#website","url":"https:\/\/tr.emeyz.com\/","name":"Emeyz","description":"Bilgi Payla\u015f\u0131m Blo\u011fu","publisher":{"@id":"https:\/\/tr.emeyz.com\/#\/schema\/person\/c6761aab1b92a1001df9730f3575628f"},"potentialAction":[{"@type":"SearchAction","target":{"@type":"EntryPoint","urlTemplate":"https:\/\/tr.emeyz.com\/?s={search_term_string}"},"query-input":"required name=search_term_string"}],"inLanguage":"tr"},{"@type":["Person","Organization"],"@id":"https:\/\/tr.emeyz.com\/#\/schema\/person\/c6761aab1b92a1001df9730f3575628f","name":"emeyz","image":{"@type":"ImageObject","inLanguage":"tr","@id":"https:\/\/tr.emeyz.com\/#\/schema\/person\/image\/","url":"https:\/\/tr.emeyz.com\/wp-content\/uploads\/sites\/3\/2024\/01\/emeyz-com-logo.png","contentUrl":"https:\/\/tr.emeyz.com\/wp-content\/uploads\/sites\/3\/2024\/01\/emeyz-com-logo.png","width":225,"height":75,"caption":"emeyz"},"logo":{"@id":"https:\/\/tr.emeyz.com\/#\/schema\/person\/image\/"},"sameAs":["https:\/\/emeyz.com"]},{"@type":"Person","@id":"https:\/\/tr.emeyz.com\/#\/schema\/person\/60fe7b9f880b978cf516997a4ffab9c1","name":"atabasch7","image":{"@type":"ImageObject","inLanguage":"tr","@id":"https:\/\/tr.emeyz.com\/#\/schema\/person\/image\/","url":"https:\/\/secure.gravatar.com\/avatar\/35d6b8e21148342014b18ca6cb3a2779?s=96&d=mm&r=g","contentUrl":"https:\/\/secure.gravatar.com\/avatar\/35d6b8e21148342014b18ca6cb3a2779?s=96&d=mm&r=g","caption":"atabasch7"},"sameAs":["http:\/\/atabasch.net"],"url":"https:\/\/tr.emeyz.com\/author\/atabasch7\/"}]}},"_links":{"self":[{"href":"https:\/\/tr.emeyz.com\/api\/wp\/v2\/posts\/1129"}],"collection":[{"href":"https:\/\/tr.emeyz.com\/api\/wp\/v2\/posts"}],"about":[{"href":"https:\/\/tr.emeyz.com\/api\/wp\/v2\/types\/post"}],"author":[{"embeddable":true,"href":"https:\/\/tr.emeyz.com\/api\/wp\/v2\/users\/1"}],"replies":[{"embeddable":true,"href":"https:\/\/tr.emeyz.com\/api\/wp\/v2\/comments?post=1129"}],"version-history":[{"count":0,"href":"https:\/\/tr.emeyz.com\/api\/wp\/v2\/posts\/1129\/revisions"}],"wp:featuredmedia":[{"embeddable":true,"href":"https:\/\/tr.emeyz.com\/api\/wp\/v2\/media\/1130"}],"wp:attachment":[{"href":"https:\/\/tr.emeyz.com\/api\/wp\/v2\/media?parent=1129"}],"wp:term":[{"taxonomy":"category","embeddable":true,"href":"https:\/\/tr.emeyz.com\/api\/wp\/v2\/categories?post=1129"},{"taxonomy":"post_tag","embeddable":true,"href":"https:\/\/tr.emeyz.com\/api\/wp\/v2\/tags?post=1129"}],"curies":[{"name":"wp","href":"https:\/\/api.w.org\/{rel}","templated":true}]}}